{"id":8787,"date":"2017-10-01T10:09:47","date_gmt":"2017-10-01T08:09:47","guid":{"rendered":"http:\/\/www.messinaoggi.it\/website\/?p=8787"},"modified":"2017-10-01T10:09:47","modified_gmt":"2017-10-01T08:09:47","slug":"eccellenza-oggi-allo-zia-lisa-atletico-catania-camaro","status":"publish","type":"post","link":"https:\/\/www.messinaoggi.it\/website\/2017\/10\/01\/eccellenza-oggi-allo-zia-lisa-atletico-catania-camaro\/","title":{"rendered":"Eccellenza, oggi allo &quot;Zia Lisa&quot; Atletico Catania-Camaro"},"content":{"rendered":"<p style=\"text-align: justify\">Camaro pronto per un nuovo impegno esterno e per un una nuova serie di incontri ravvicinati proposti dal calendario. Dopo i tre pari consecutivi collezionati in campionato, nel quarto turno del girone B di Eccellenza, la squadra del tecnico Antonio Alacqua,\u00a0oggi pomeriggio,\u00a0affronter\u00e0 in trasferta\u00a0l&#8217;Atletico Catania al campo sportivo &#8220;Zia Lisa&#8221; (ore 15.30). Sar\u00e0 la prima gara di un nuovo mini-ciclo di partite che vedr\u00e0 i neroverdi in campo per tre volte nell&#8217;arco di una settimana: prima la trasferta nel catanese, poi, mercoled\u00ec 4, il ritorno degli ottavi di finale di Coppa Italia al &#8220;Marullo&#8221; contro il Citt\u00e0 di Sant&#8217;Agata che, a seguire,\u00a0al &#8220;Micale&#8221; di Capo d&#8217;Orlando\u00a0sar\u00e0 anche l&#8217;avversario\u00a0nella quinta giornata di campionato.<div id=\"div-gpt-ad-Messinaoggi.it-DSK-300x250-corpoart\" style=\"text-align:center;margin:0 auto;\"><\/div><\/p>\n<p style=\"text-align: justify\">Per il match di\u00a0oggi pomeriggio l&#8217;allenatore del Camaro Alacqua\u00a0beneficer\u00e0 del rientro del capitano Alberto Cappello, che nel match interno contro il Pistunina ha scontato un turno di squalifica. Appiedato dal giudice sportivo, invece, dopo il rosso rimediato sabato scorso, il difensore Daniele Morabito. Infortunati i centrocampisti Angelo Falcone e Andrea Visconti: il primo a causa di problemi muscolari accusati nell&#8217;ultimo incontro disputato, il secondo vicino al rientro dopo l&#8217;infortunio alla caviglia di inizio stagione. Atletico Catania-Camaro sar\u00e0\u00a0arbitrato da\u00a0 Vincenzo Falco della sezione di Siracusa, coadiuvato dagli assistenti Emanuele Pulejo e Alessio Cannizzaro, entrambi della sezione di Palermo.<div id=\"videoincontent\" style=\"clear:both\";><\/div><\/p>\n<p style=\"text-align: justify\">Questi i convocati del Camaro.<br \/>\n<strong>Portieri<\/strong>: Alfredo Giorgianni, Ivan Mannino.<br \/>\n<strong>Difensori<\/strong>: Fabio Campo, Alberto Cappello, Gianluca Gazz\u00e8, Alberto Mondello, Francesco Munaf\u00f2, Davide Pettinato.<br \/>\n<strong>Centrocampisti<\/strong>: Daniele Ancione, Roberto Assenzio, Alessandro Bonamonte, Daniele D&#8217;Amico, Francesco Spoto, Ruben Zappal\u00e0.<br \/>\n<strong>Attaccanti<\/strong>: Roberto Brigand\u00ec, Marco Paludetti, Pasquale Princi, Piero Sturniolo, Michele Velardi.<\/p>\n<p> <\/p>\n","protected":false},"excerpt":{"rendered":"<p>Camaro pronto per un nuovo impegno esterno e per un una nuova serie di incontri ravvicinati proposti dal calendario. Dopo i tre pari consecutivi collezionati in campionato, nel quarto turno del girone B di Eccellenza, la squadra del tecnico Antonio Alacqua,\u00a0oggi pomeriggio,\u00a0affronter\u00e0 in trasferta\u00a0l&#8217;Atletico Catania al campo sportivo &#8220;Zia Lisa&#8221; (ore 15.30). Sar\u00e0 la prima [&hellip;]<\/p>\n","protected":false},"author":9,"featured_media":6822,"comment_status":"closed","ping_status":"open","sticky":false,"template":"","format":"standard","meta":{"ub_ctt_via":"","_mi_skip_tracking":false},"categories":[10,9],"tags":[],"featured_image_src":"https:\/\/www.messinaoggi.it\/website\/wp-content\/uploads\/2017\/08\/1803_9-2.jpg","author_info":{"display_name":"Roberto Santoro","author_link":"https:\/\/www.messinaoggi.it\/website\/author\/r-santoro\/"},"digistream_id":0,"digistream":false,"_links":{"self":[{"href":"https:\/\/www.messinaoggi.it\/website\/wp-json\/wp\/v2\/posts\/8787"}],"collection":[{"href":"https:\/\/www.messinaoggi.it\/website\/wp-json\/wp\/v2\/posts"}],"about":[{"href":"https:\/\/www.messinaoggi.it\/website\/wp-json\/wp\/v2\/types\/post"}],"author":[{"embeddable":true,"href":"https:\/\/www.messinaoggi.it\/website\/wp-json\/wp\/v2\/users\/9"}],"replies":[{"embeddable":true,"href":"https:\/\/www.messinaoggi.it\/website\/wp-json\/wp\/v2\/comments?post=8787"}],"version-history":[{"count":0,"href":"https:\/\/www.messinaoggi.it\/website\/wp-json\/wp\/v2\/posts\/8787\/revisions"}],"wp:featuredmedia":[{"embeddable":true,"href":"https:\/\/www.messinaoggi.it\/website\/wp-json\/wp\/v2\/media\/6822"}],"wp:attachment":[{"href":"https:\/\/www.messinaoggi.it\/website\/wp-json\/wp\/v2\/media?parent=8787"}],"wp:term":[{"taxonomy":"category","embeddable":true,"href":"https:\/\/www.messinaoggi.it\/website\/wp-json\/wp\/v2\/categories?post=8787"},{"taxonomy":"post_tag","embeddable":true,"href":"https:\/\/www.messinaoggi.it\/website\/wp-json\/wp\/v2\/tags?post=8787"}],"curies":[{"name":"wp","href":"https:\/\/api.w.org\/{rel}","templated":true}]}}