{"id":8780,"date":"2017-10-02T00:59:01","date_gmt":"2017-10-01T22:59:01","guid":{"rendered":"http:\/\/www.messinaoggi.it\/website\/?p=8780"},"modified":"2017-10-02T00:59:01","modified_gmt":"2017-10-01T22:59:01","slug":"martedi-consiglio-territoriale-area-dello-stretto-della-uil-pensionati","status":"publish","type":"post","link":"https:\/\/www.messinaoggi.it\/website\/2017\/10\/02\/martedi-consiglio-territoriale-area-dello-stretto-della-uil-pensionati\/","title":{"rendered":"Marted\u00ec consiglio territoriale Area dello Stretto della Uil-Pensionati"},"content":{"rendered":"<p>Marted\u00ec 3 ottobre, alle ore 10, presso l\u2019Hotel Capo Peloro (Torre Faro \u2013 Messina) si terr\u00e0 il Consiglio Territoriale della UIL Pensionati \u2013 Area dello Stretto.<br \/>\nProsegue l\u2019azione sindacale della rinnovata UIL Pensionati di Messina, guidata da Giuseppe De Vardo. Un\u2019azione finalizzata ad una massiccia presenza sul territorio per la difesa dei diritti degli anziani. Tale categoria ha permesso la crescita, il risanamento e lo sviluppo del Paese. Gli anziani, purtroppo, oggi sono spesso dimenticati e subiscono scelte scellerate da parte delle varie amministrazioni.<br \/>\nIl tema dell\u2019incontro sar\u00e0: \u201c<em>I bisogni e le esigenze dei pensionati messinesi non possono essere ignorati dalle amministrazioni: l\u2019impegno della UIL Pensionati per ottenere risultati tangibili a favore degli anziani<\/em>\u201d.<br \/>\nIntrodurr\u00e0 i lavori Giuseppe De Vardo (Segretario generale UIL Pensionati &#8211; Area dello Stretto). Interverr\u00e0 Ivan Tripodi (Segretario generale UIL Messina). Concluder\u00e0 i lavori Antonino Toscano (Segretario regionale UIL Pensionati Sicilia).<div id=\"div-gpt-ad-Messinaoggi.it-DSK-300x250-corpoart\" style=\"text-align:center;margin:0 auto;\"><\/div><\/p>\n<div id=\"videoincontent\" style=\"clear:both\";><\/div>","protected":false},"excerpt":{"rendered":"<p>Marted\u00ec 3 ottobre, alle ore 10, presso l\u2019Hotel Capo Peloro (Torre Faro \u2013 Messina) si terr\u00e0 il Consiglio Territoriale della UIL Pensionati \u2013 Area dello Stretto. Prosegue l\u2019azione sindacale della rinnovata UIL Pensionati di Messina, guidata da Giuseppe De Vardo. Un\u2019azione finalizzata ad una massiccia presenza sul territorio per la difesa dei diritti degli anziani. [&hellip;]<\/p>\n","protected":false},"author":2,"featured_media":8781,"comment_status":"closed","ping_status":"open","sticky":false,"template":"","format":"standard","meta":{"ub_ctt_via":"","_mi_skip_tracking":false},"categories":[5],"tags":[],"featured_image_src":"https:\/\/www.messinaoggi.it\/website\/wp-content\/uploads\/2017\/10\/CANNOLO-2.jpg","author_info":{"display_name":"Redazione","author_link":"https:\/\/www.messinaoggi.it\/website\/author\/redazione\/"},"digistream_id":0,"digistream":false,"_links":{"self":[{"href":"https:\/\/www.messinaoggi.it\/website\/wp-json\/wp\/v2\/posts\/8780"}],"collection":[{"href":"https:\/\/www.messinaoggi.it\/website\/wp-json\/wp\/v2\/posts"}],"about":[{"href":"https:\/\/www.messinaoggi.it\/website\/wp-json\/wp\/v2\/types\/post"}],"author":[{"embeddable":true,"href":"https:\/\/www.messinaoggi.it\/website\/wp-json\/wp\/v2\/users\/2"}],"replies":[{"embeddable":true,"href":"https:\/\/www.messinaoggi.it\/website\/wp-json\/wp\/v2\/comments?post=8780"}],"version-history":[{"count":0,"href":"https:\/\/www.messinaoggi.it\/website\/wp-json\/wp\/v2\/posts\/8780\/revisions"}],"wp:featuredmedia":[{"embeddable":true,"href":"https:\/\/www.messinaoggi.it\/website\/wp-json\/wp\/v2\/media\/8781"}],"wp:attachment":[{"href":"https:\/\/www.messinaoggi.it\/website\/wp-json\/wp\/v2\/media?parent=8780"}],"wp:term":[{"taxonomy":"category","embeddable":true,"href":"https:\/\/www.messinaoggi.it\/website\/wp-json\/wp\/v2\/categories?post=8780"},{"taxonomy":"post_tag","embeddable":true,"href":"https:\/\/www.messinaoggi.it\/website\/wp-json\/wp\/v2\/tags?post=8780"}],"curies":[{"name":"wp","href":"https:\/\/api.w.org\/{rel}","templated":true}]}}