{"id":8776,"date":"2017-10-01T00:02:49","date_gmt":"2017-09-30T22:02:49","guid":{"rendered":"http:\/\/www.messinaoggi.it\/website\/?p=8776"},"modified":"2017-10-01T00:02:49","modified_gmt":"2017-09-30T22:02:49","slug":"micari-contro-cancelleri-e-musumeci-assenti-a-confronto-su-sanita","status":"publish","type":"post","link":"https:\/\/www.messinaoggi.it\/website\/2017\/10\/01\/micari-contro-cancelleri-e-musumeci-assenti-a-confronto-su-sanita\/","title":{"rendered":"Micari contro Cancelleri e Musumeci: &quot;Assenti a confronto su Sanit\u00e0&quot;"},"content":{"rendered":"<p>Schermaglie fra i candidati alla presidenza della Regione Sicilia. Fabrizio Micari, sostenuto dalla coalizione di centro-sinistra, punzecchia Cancelleri e Musumeci, i quali non si sono presentati a un confronto sui temi della sanit\u00e0.<div id=\"div-gpt-ad-Messinaoggi.it-DSK-300x250-corpoart\" style=\"text-align:center;margin:0 auto;\"><\/div><\/p>\n<p class=\"p1\"><span class=\"s1\">&#8220;01Cancelleri dovrebbe mettersi d\u2019accordo con se stesso: dice che \u2018i suoi avversari scappano dal confronto\u2019 quando \u00e8 lui a non essersi presentato. Musumeci fa sapere di non volere partecipare perch\u00e9 \u2018ha poco tempo per la sua campagna elettorale\u2019, ma in realt\u00e0 \u00e8 in campagna elettorale da cinque anni. Oggi c\u2019era un\u2019importante iniziativa sulla sanit\u00e0: sarebbe stato utile confrontare le diverse proposte per rafforzare il ruolo dei medici di base, che sono importantissimi per gli utenti. Chi ha snobbato questo appuntamento ha avuto una mancanza di rispetto per gli operatori della sanit\u00e0 e per i siciliani, che vogliono conoscere i programmi dei candidati e non si accontentano di semplici slogan\u201d. Lo ha detto Fabrizio Micari, candidato del centrosinistra alla Presidenza della Regione Siciliana a margine del confronto organizzato stamattina a Palermo dalla FIMMG (Federazione italiana medici medicina generale) al quale gli altri due candidati alla Presidenza non si sono presentati.<\/span><div id=\"videoincontent\" style=\"clear:both\";><\/div><\/p>\n<p class=\"p1\"><span class=\"s1\">Nel corso dell\u2019iniziativa, parlando ad una platea numerosa e attenta, Micari ha illustrato le sue \u201cquattro proposte\u201d in questo ambito sanitario: pi\u00f9 medici di famiglia; meno poltrone nella sanit\u00e0; un solo centro prenotazioni regionale; pi\u00f9 risorse dall\u2019Europa.<\/span><\/p>\n<p class=\"p1\"><span class=\"s1\">\u201cI medici di famiglia sono fondamentali, in Sicilia ne servono pi\u00f9 \u2013 ha detto &#8211; aumenter\u00f2 le risorse che dipendono dalla Regione per formare medici di famiglia che sono importantissimi anche per instaurare un rapporto diretto e \u2018pi\u00f9 umano\u2019 fra i pazienti e la rete sanitaria, e per alleggerire il carico dei pronto soccorso\u201d.<\/span><\/p>\n<p class=\"p1\"><span class=\"s1\">\u201cOggi abbiamo nove Asp e otto Aziende ospedaliere: in tutto17 strutture che moltiplicano gli incarichi ma spesso non sono in grado di rendere pi\u00f9 funzionali i servizi. Sono convinto \u2013 ha proseguito Micari &#8211; che una rete pi\u00f9 leggera, magari con cinque o sei centri direzionali nell\u2019isola, snellirebbe una serie di passaggi e produrrebbe risparmi ed un maggiore coordinamento fra le strutture sul territorio\u201d.<\/span><\/p>\n<p class=\"p1\"><span class=\"s1\">\u201cC\u2019\u00e8 poi un altro tema centrale \u2013 ha proseguito \u2013 bisogna superare una volta per tutte le lunghezze delle liste d\u2019attesa: ogni azienda ha un suo centro di prenotazione, e troppe volte i diversi centri \u2018non si parlano\u2019 fra di loro. Una follia! Serve un centro unico di prenotazione regionale. Abbiamo le potenzialit\u00e0 per diventare una terra che attrae pazienti, non che li fa scappare\u201d.<\/span><\/p>\n<p class=\"p1\"><span class=\"s1\">\u201cChieder\u00f2 infine al governo nazionale \u2013 ha concluso Micari &#8211; di avere pi\u00f9 risorse, anche in relazione ad un aspetto spesso sottovalutato: il governo italiano, giustamente, chiede all&#8217;Europa pi\u00f9 fondi e strumenti per fronteggiare il fenomeno dell&#8217;immigrazione che per certi aspetti \u00e8 principalmente sulle nostre spalle. Noi siamo terra di frontiera curiamo ogni anno un numero altissimo di cittadini immigrati. Siamo un modello, perch\u00e9 queste persone si sommano ai cinque milioni di siciliani. Presto il presidente del Consiglio Gentiloni sar\u00e0 in Sicilia, gli chieder\u00f2 di continuare questa battaglia in Europa e contestualmente di fare arrivare pi\u00f9 risorse per il sistema sanitario siciliano\u201d.<\/span><\/p>\n","protected":false},"excerpt":{"rendered":"<p>Schermaglie fra i candidati alla presidenza della Regione Sicilia. Fabrizio Micari, sostenuto dalla coalizione di centro-sinistra, punzecchia Cancelleri e Musumeci, i quali non si sono presentati a un confronto sui temi della sanit\u00e0. &#8220;01Cancelleri dovrebbe mettersi d\u2019accordo con se stesso: dice che \u2018i suoi avversari scappano dal confronto\u2019 quando \u00e8 lui a non essersi presentato. [&hellip;]<\/p>\n","protected":false},"author":2,"featured_media":8296,"comment_status":"closed","ping_status":"open","sticky":false,"template":"","format":"standard","meta":{"ub_ctt_via":"","_mi_skip_tracking":false},"categories":[4],"tags":[],"featured_image_src":"https:\/\/www.messinaoggi.it\/website\/wp-content\/uploads\/2017\/09\/candidatura-micariRRP_7564-2.jpg","author_info":{"display_name":"Redazione","author_link":"https:\/\/www.messinaoggi.it\/website\/author\/redazione\/"},"digistream_id":0,"digistream":false,"_links":{"self":[{"href":"https:\/\/www.messinaoggi.it\/website\/wp-json\/wp\/v2\/posts\/8776"}],"collection":[{"href":"https:\/\/www.messinaoggi.it\/website\/wp-json\/wp\/v2\/posts"}],"about":[{"href":"https:\/\/www.messinaoggi.it\/website\/wp-json\/wp\/v2\/types\/post"}],"author":[{"embeddable":true,"href":"https:\/\/www.messinaoggi.it\/website\/wp-json\/wp\/v2\/users\/2"}],"replies":[{"embeddable":true,"href":"https:\/\/www.messinaoggi.it\/website\/wp-json\/wp\/v2\/comments?post=8776"}],"version-history":[{"count":0,"href":"https:\/\/www.messinaoggi.it\/website\/wp-json\/wp\/v2\/posts\/8776\/revisions"}],"wp:featuredmedia":[{"embeddable":true,"href":"https:\/\/www.messinaoggi.it\/website\/wp-json\/wp\/v2\/media\/8296"}],"wp:attachment":[{"href":"https:\/\/www.messinaoggi.it\/website\/wp-json\/wp\/v2\/media?parent=8776"}],"wp:term":[{"taxonomy":"category","embeddable":true,"href":"https:\/\/www.messinaoggi.it\/website\/wp-json\/wp\/v2\/categories?post=8776"},{"taxonomy":"post_tag","embeddable":true,"href":"https:\/\/www.messinaoggi.it\/website\/wp-json\/wp\/v2\/tags?post=8776"}],"curies":[{"name":"wp","href":"https:\/\/api.w.org\/{rel}","templated":true}]}}