{"id":87560,"date":"2021-11-17T11:07:36","date_gmt":"2021-11-17T10:07:36","guid":{"rendered":"https:\/\/www.messinaoggi.it\/website\/2021\/11\/17\/covid-speranza-sfida-non-risolta-un-errore-abbassare-la-guardia\/"},"modified":"2021-11-17T11:08:12","modified_gmt":"2021-11-17T10:08:12","slug":"covid-speranza-sfida-non-risolta-un-errore-abbassare-la-guardia","status":"publish","type":"post","link":"https:\/\/www.messinaoggi.it\/website\/2021\/11\/17\/covid-speranza-sfida-non-risolta-un-errore-abbassare-la-guardia\/","title":{"rendered":"Covid, Speranza \u201cSfida non risolta, un errore abbassare la guardia\u201d"},"content":{"rendered":"<div>ROMA (ITALPRESS) &#8211; &#8220;Non vi \u00e8 dubbio che siamo ancora dentro una sfida non risolta, come si vede analizzando in numeri che provengono dall&#8217;Europa ma anche da alcuni nostri territori. Siamo ancora dentro la sfida e sarebbe un grave errore abbassare la guardia&#8221;. Lo ha detto il ministro della Salute, Roberto Speranza, nel corso del convegno di FNOMCeO &#8220;Riflessioni sulla pandemia da Sars-Cov2. Il contributo del comparto difesa e sicurezza sulla mitigazione e nel contrasto&#8221;.<br \/>&#8220;Dobbiamo provare a leggere quelli che sono stati questi mesi, la mia opinione personale detta col massimo livello di umilt\u00e0 \u00e8 che il nostro Paese abbia retto e tenuto &#8211; ha sottolineato il ministro -. Le istituzioni democratiche a tutti i livelli hanno attraversato nel loro ambito una delle fasi pi\u00f9 difficili della nostra storia e penso di poter dire che hanno saputo gestire una pandemia che ha messo tutti a grande prova&#8221;.<br \/>&#8220;Noi nel vaccino abbiamo trovato l&#8217;arma fondamentale per gestire questo passaggio, ma la memoria spesso \u00e8 breve &#8211; ha aggiunto -. La verit\u00e0 della storia \u00e8 che le prime iniezioni nel nostro paese sono state fatte il 27 dicembre, meno di 11 mesi fa, oggi l&#8217;Italia ha 92 milioni di dosi somministrate. Questo non sarebbe stato possibile se non ci fosse stato un grande paese impegnato con una straordinaria sintonia tra tutti i livelli istituzionali, un risultato che dobbiamo rivendicare&#8221;.<br \/>(ITALPRESS).<\/div>\n<div id=\"div-gpt-ad-Messinaoggi.it-DSK-300x250-corpoart\" style=\"text-align:center;margin:0 auto;\"><\/div><\/p><div id=\"videoincontent\" style=\"clear:both\";><\/div>","protected":false},"excerpt":{"rendered":"<p>ROMA (ITALPRESS) &#8211; &#8220;Non vi \u00e8 dubbio che siamo ancora dentro una sfida non risolta, come si vede analizzando in numeri che provengono dall&#8217;Europa ma anche da alcuni nostri territori. Siamo ancora dentro la sfida e sarebbe un grave errore abbassare la guardia&#8221;. Lo ha detto il ministro della Salute, Roberto Speranza, nel corso del [&hellip;]<\/p>\n","protected":false},"author":18,"featured_media":87561,"comment_status":"closed","ping_status":"closed","sticky":false,"template":"","format":"standard","meta":{"ub_ctt_via":"","_mi_skip_tracking":false},"categories":[221,446],"tags":[783],"featured_image_src":"https:\/\/www.messinaoggi.it\/website\/wp-content\/uploads\/2021\/11\/20211117_0184.jpg","author_info":{"display_name":"Admin","author_link":"https:\/\/www.messinaoggi.it\/website\/author\/admin\/"},"digistream_id":0,"digistream":false,"_links":{"self":[{"href":"https:\/\/www.messinaoggi.it\/website\/wp-json\/wp\/v2\/posts\/87560"}],"collection":[{"href":"https:\/\/www.messinaoggi.it\/website\/wp-json\/wp\/v2\/posts"}],"about":[{"href":"https:\/\/www.messinaoggi.it\/website\/wp-json\/wp\/v2\/types\/post"}],"author":[{"embeddable":true,"href":"https:\/\/www.messinaoggi.it\/website\/wp-json\/wp\/v2\/users\/18"}],"replies":[{"embeddable":true,"href":"https:\/\/www.messinaoggi.it\/website\/wp-json\/wp\/v2\/comments?post=87560"}],"version-history":[{"count":1,"href":"https:\/\/www.messinaoggi.it\/website\/wp-json\/wp\/v2\/posts\/87560\/revisions"}],"predecessor-version":[{"id":87565,"href":"https:\/\/www.messinaoggi.it\/website\/wp-json\/wp\/v2\/posts\/87560\/revisions\/87565"}],"wp:featuredmedia":[{"embeddable":true,"href":"https:\/\/www.messinaoggi.it\/website\/wp-json\/wp\/v2\/media\/87561"}],"wp:attachment":[{"href":"https:\/\/www.messinaoggi.it\/website\/wp-json\/wp\/v2\/media?parent=87560"}],"wp:term":[{"taxonomy":"category","embeddable":true,"href":"https:\/\/www.messinaoggi.it\/website\/wp-json\/wp\/v2\/categories?post=87560"},{"taxonomy":"post_tag","embeddable":true,"href":"https:\/\/www.messinaoggi.it\/website\/wp-json\/wp\/v2\/tags?post=87560"}],"curies":[{"name":"wp","href":"https:\/\/api.w.org\/{rel}","templated":true}]}}