{"id":8751,"date":"2017-09-30T12:33:34","date_gmt":"2017-09-30T10:33:34","guid":{"rendered":"http:\/\/www.messinaoggi.it\/website\/?p=8751"},"modified":"2017-09-30T12:33:34","modified_gmt":"2017-09-30T10:33:34","slug":"eccellenza-oggi-a-mili-citta-di-messina-giarre","status":"publish","type":"post","link":"https:\/\/www.messinaoggi.it\/website\/2017\/09\/30\/eccellenza-oggi-a-mili-citta-di-messina-giarre\/","title":{"rendered":"Eccellenza, oggi a Mili Citt\u00e0 di Messina-Giarre"},"content":{"rendered":"<p style=\"text-align: justify\">\n<p style=\"text-align: justify\">Il Citt\u00e0 di Messina \u00e8 pronto a sfidare il Giarre, capolista del girone B di Eccellenza a punteggio pieno dopo 3 gare, in occasione dell&#8217;anticipo casalingo previsto per oggi pomeriggio al &#8220;Garden Sport&#8221; (ore 15,30) Non sar\u00e0 una gara agevole per Calcagno e compagni che comunque proveranno ad ottenere il primo successo casalingo per consolidare la propria posizione in graduatoria.<div id=\"div-gpt-ad-Messinaoggi.it-DSK-300x250-corpoart\" style=\"text-align:center;margin:0 auto;\"><\/div><\/p>\n<p style=\"text-align: justify\">Il trainer Furnari non potr\u00e0 contare sugli infortunati Bill\u00e8, Costa e Manuel Maisano: la situazione pi\u00f9 seria sembra quella del portiere ex Gescal che dovr\u00e0 rimanere lontano dal terreno di gioco per almeno un mese, a causa dell&#8217;infortunio rimediato la settimana scorsa durante la partita con il Catania S.Pio X. E proprio l\u2019assenza di Bill\u00e8 potrebbe consentire l\u2019esordio del neo tesserato Paterniti, subito arruolabile, e pronto a giocarsi una maglia da titolare con Andrea Maisano.<div id=\"videoincontent\" style=\"clear:both\";><\/div><\/p>\n<p style=\"text-align: justify\">Ecco la lista dei 20 convocati del Citt\u00e0 di Messina.<\/p>\n<p style=\"text-align: justify\">Portieri: Paterniti, A. Maisano<\/p>\n<p style=\"text-align: justify\">Difensori: Fragapane, Bombara, S. Leo, Porcino, Filistad.<\/p>\n<p style=\"text-align: justify\">Centrocampisti: Calcagno, Silvestri, Ginag\u00f2, Di Stefano, Cardia, G. Quintoni, Alessandro.<\/p>\n<p style=\"text-align: justify\">Attaccanti:\u00a0La Corte, Genovese, Mastroieni, D.Leo, Ras\u00e0, Codagnone.<\/p>\n<p style=\"text-align: justify\">Citt\u00e0 di Messina-Giarre sar\u00e0 diretta dal signor Antonio Monesi della sezione arbitrale di Crotone, assistito da Mario Chici e Giovanni Battista Citarda, entrambi di Palermo.<\/p>\n<p> <\/p>\n","protected":false},"excerpt":{"rendered":"<p>Il Citt\u00e0 di Messina \u00e8 pronto a sfidare il Giarre, capolista del girone B di Eccellenza a punteggio pieno dopo 3 gare, in occasione dell&#8217;anticipo casalingo previsto per oggi pomeriggio al &#8220;Garden Sport&#8221; (ore 15,30) Non sar\u00e0 una gara agevole per Calcagno e compagni che comunque proveranno ad ottenere il primo successo casalingo per consolidare [&hellip;]<\/p>\n","protected":false},"author":9,"featured_media":5449,"comment_status":"closed","ping_status":"open","sticky":false,"template":"","format":"standard","meta":{"ub_ctt_via":"","_mi_skip_tracking":false},"categories":[10,9],"tags":[],"featured_image_src":"https:\/\/www.messinaoggi.it\/website\/wp-content\/uploads\/2017\/07\/Logo20Citta20di20Messina-2.jpg","author_info":{"display_name":"Roberto Santoro","author_link":"https:\/\/www.messinaoggi.it\/website\/author\/r-santoro\/"},"digistream_id":0,"digistream":false,"_links":{"self":[{"href":"https:\/\/www.messinaoggi.it\/website\/wp-json\/wp\/v2\/posts\/8751"}],"collection":[{"href":"https:\/\/www.messinaoggi.it\/website\/wp-json\/wp\/v2\/posts"}],"about":[{"href":"https:\/\/www.messinaoggi.it\/website\/wp-json\/wp\/v2\/types\/post"}],"author":[{"embeddable":true,"href":"https:\/\/www.messinaoggi.it\/website\/wp-json\/wp\/v2\/users\/9"}],"replies":[{"embeddable":true,"href":"https:\/\/www.messinaoggi.it\/website\/wp-json\/wp\/v2\/comments?post=8751"}],"version-history":[{"count":0,"href":"https:\/\/www.messinaoggi.it\/website\/wp-json\/wp\/v2\/posts\/8751\/revisions"}],"wp:featuredmedia":[{"embeddable":true,"href":"https:\/\/www.messinaoggi.it\/website\/wp-json\/wp\/v2\/media\/5449"}],"wp:attachment":[{"href":"https:\/\/www.messinaoggi.it\/website\/wp-json\/wp\/v2\/media?parent=8751"}],"wp:term":[{"taxonomy":"category","embeddable":true,"href":"https:\/\/www.messinaoggi.it\/website\/wp-json\/wp\/v2\/categories?post=8751"},{"taxonomy":"post_tag","embeddable":true,"href":"https:\/\/www.messinaoggi.it\/website\/wp-json\/wp\/v2\/tags?post=8751"}],"curies":[{"name":"wp","href":"https:\/\/api.w.org\/{rel}","templated":true}]}}