{"id":8743,"date":"2017-09-30T10:00:58","date_gmt":"2017-09-30T08:00:58","guid":{"rendered":"http:\/\/www.messinaoggi.it\/website\/?p=8743"},"modified":"2017-09-30T10:00:58","modified_gmt":"2017-09-30T08:00:58","slug":"porto-di-tremestieri-martedi-le-firme-per-la-nuova-piattaforma","status":"publish","type":"post","link":"https:\/\/www.messinaoggi.it\/website\/2017\/09\/30\/porto-di-tremestieri-martedi-le-firme-per-la-nuova-piattaforma\/","title":{"rendered":"Tremestieri, marted\u00ec le firme per la nuova piattaforma"},"content":{"rendered":"<p>Finalmente ci siamo. Marted\u00ec alle 10.30, nella sala &#8220;Falcone Borsellino&#8221; di Palazzo Zanca, si proceder\u00e0 alla firma del contratto per la realizzazione della piattaforma logistica intermodale di Tremestieri con annesso scalo portuale.<br \/>\nAll\u2019incontro parteciperanno tra gli altri il sindaco, Renato Accorinti; l\u2019assessore ai Lavori Pubblici, Sergio De Cola; il segretario generale del Comune di Messina, Antonio Le Donne; il commissario straordinario dell\u2019Autorit\u00e0 portuale di Messina, Antonino De Simone ed i vertici della Coedmar, ditta aggiudicataria dei lavori.<br \/>\nPoi potranno partire i lavori per cercare di completare un&#8217;opera di fondamentale importanza per la citt\u00e0, ma che in fase di progettazione e realizzazione ha dovuto pagare lo scotto di una serie di anomalie. La speranza \u00e8 che il porto di Tremestieri possa essere completato e potenziato.<div id=\"div-gpt-ad-Messinaoggi.it-DSK-300x250-corpoart\" style=\"text-align:center;margin:0 auto;\"><\/div><\/p>\n<div id=\"videoincontent\" style=\"clear:both\";><\/div>","protected":false},"excerpt":{"rendered":"<p>Finalmente ci siamo. Marted\u00ec alle 10.30, nella sala &#8220;Falcone Borsellino&#8221; di Palazzo Zanca, si proceder\u00e0 alla firma del contratto per la realizzazione della piattaforma logistica intermodale di Tremestieri con annesso scalo portuale. All\u2019incontro parteciperanno tra gli altri il sindaco, Renato Accorinti; l\u2019assessore ai Lavori Pubblici, Sergio De Cola; il segretario generale del Comune di Messina, [&hellip;]<\/p>\n","protected":false},"author":2,"featured_media":7254,"comment_status":"closed","ping_status":"open","sticky":false,"template":"","format":"standard","meta":{"ub_ctt_via":"","_mi_skip_tracking":false},"categories":[19],"tags":[],"featured_image_src":"https:\/\/www.messinaoggi.it\/website\/wp-content\/uploads\/2017\/09\/porto-tremestieri-banchina-e-tir-messinaoggiMarcyR-2.jpg","author_info":{"display_name":"Redazione","author_link":"https:\/\/www.messinaoggi.it\/website\/author\/redazione\/"},"digistream_id":0,"digistream":false,"_links":{"self":[{"href":"https:\/\/www.messinaoggi.it\/website\/wp-json\/wp\/v2\/posts\/8743"}],"collection":[{"href":"https:\/\/www.messinaoggi.it\/website\/wp-json\/wp\/v2\/posts"}],"about":[{"href":"https:\/\/www.messinaoggi.it\/website\/wp-json\/wp\/v2\/types\/post"}],"author":[{"embeddable":true,"href":"https:\/\/www.messinaoggi.it\/website\/wp-json\/wp\/v2\/users\/2"}],"replies":[{"embeddable":true,"href":"https:\/\/www.messinaoggi.it\/website\/wp-json\/wp\/v2\/comments?post=8743"}],"version-history":[{"count":0,"href":"https:\/\/www.messinaoggi.it\/website\/wp-json\/wp\/v2\/posts\/8743\/revisions"}],"wp:featuredmedia":[{"embeddable":true,"href":"https:\/\/www.messinaoggi.it\/website\/wp-json\/wp\/v2\/media\/7254"}],"wp:attachment":[{"href":"https:\/\/www.messinaoggi.it\/website\/wp-json\/wp\/v2\/media?parent=8743"}],"wp:term":[{"taxonomy":"category","embeddable":true,"href":"https:\/\/www.messinaoggi.it\/website\/wp-json\/wp\/v2\/categories?post=8743"},{"taxonomy":"post_tag","embeddable":true,"href":"https:\/\/www.messinaoggi.it\/website\/wp-json\/wp\/v2\/tags?post=8743"}],"curies":[{"name":"wp","href":"https:\/\/api.w.org\/{rel}","templated":true}]}}