{"id":8732,"date":"2017-09-30T08:59:25","date_gmt":"2017-09-30T06:59:25","guid":{"rendered":"http:\/\/www.messinaoggi.it\/website\/?p=8732"},"modified":"2017-09-30T08:59:25","modified_gmt":"2017-09-30T06:59:25","slug":"eccellenza-oggi-al-s-filippo-pistunina-citta-di-s-agata","status":"publish","type":"post","link":"https:\/\/www.messinaoggi.it\/website\/2017\/09\/30\/eccellenza-oggi-al-s-filippo-pistunina-citta-di-s-agata\/","title":{"rendered":"Eccellenza, oggi al &quot;S.Filippo&quot; Pistunina-Citt\u00e0 di S.Agata"},"content":{"rendered":"<p style=\"text-align: justify\">\n<p style=\"text-align: justify\">Una volta cancellato lo zero in classifica, grazie al pari esterno col Camaro, per il Pistunina \u00e8 giunta l&#8217;ora di provare ad ottenere il primo successo stagionale. Oggi, nell&#8217;anticipo valido per la 4^ giornata d&#8217;andata di Eccellenza, i rossoneri ospiteranno al &#8220;San Filippo&#8221; (ore 15,30, a porte chiuse per il pubblico) il Citt\u00e0 di S.Agata fresco di avvicendamento in panchina (Bellinvia al posto di Formisano).<div id=\"div-gpt-ad-Messinaoggi.it-DSK-300x250-corpoart\" style=\"text-align:center;margin:0 auto;\"><\/div><\/p>\n<p style=\"text-align: justify\">I convocati sono 20, ossia gli stessi della scora settimana con l&#8217;unica novit\u00e0 del portiere Virgilio Vitale, ingaggiato in settimana e che va ad affiancare i gi\u00e0 disponibili Fazio e Privitera. Perdurano le indisponibilit\u00e0 di Miduri, Maggioloti e Casella.<div id=\"videoincontent\" style=\"clear:both\";><\/div><\/p>\n<p style=\"text-align: justify\">Di seguito i convocati del Pistunina.<\/p>\n<p style=\"text-align: justify\">Portieri: Fazio, Privitera, Vitale.<\/p>\n<p style=\"text-align: justify\">Difensori: Caldore, Puzone, D&#8217;Angelo, Chiglien, Scarf\u00ec, Sergi.<\/p>\n<p style=\"text-align: justify\">Centrocampisti: Colucci, Ardiri, Keita Pa&#8217;, Sylla, Buscema, Fonti, Saglimbene.<\/p>\n<p style=\"text-align: justify\">Attaccanti: Lo Giudice, Minissale, Ancione, Prezioso Ghartey.<\/p>\n<p style=\"text-align: justify\">Pistunina-Citt\u00e0 di S.Agata sar\u00e0 arbitrata da Giuseppe Campisi di Siracusa, assistito da Orazio Attardi di Ragusa e Salvatore Runza anch&#8217;egli di Siracusa.<\/p>\n<p><strong>Nella foto il portiere Virgilio Vitale assieme al presidente Salvatore Velardo<\/strong><br \/>\n <\/p>\n","protected":false},"excerpt":{"rendered":"<p>Una volta cancellato lo zero in classifica, grazie al pari esterno col Camaro, per il Pistunina \u00e8 giunta l&#8217;ora di provare ad ottenere il primo successo stagionale. Oggi, nell&#8217;anticipo valido per la 4^ giornata d&#8217;andata di Eccellenza, i rossoneri ospiteranno al &#8220;San Filippo&#8221; (ore 15,30, a porte chiuse per il pubblico) il Citt\u00e0 di S.Agata [&hellip;]<\/p>\n","protected":false},"author":9,"featured_media":8656,"comment_status":"closed","ping_status":"open","sticky":false,"template":"","format":"standard","meta":{"ub_ctt_via":"","_mi_skip_tracking":false},"categories":[10,9],"tags":[],"featured_image_src":"https:\/\/www.messinaoggi.it\/website\/wp-content\/uploads\/2017\/09\/Vitale-Velardo-2.jpg","author_info":{"display_name":"Roberto Santoro","author_link":"https:\/\/www.messinaoggi.it\/website\/author\/r-santoro\/"},"digistream_id":0,"digistream":false,"_links":{"self":[{"href":"https:\/\/www.messinaoggi.it\/website\/wp-json\/wp\/v2\/posts\/8732"}],"collection":[{"href":"https:\/\/www.messinaoggi.it\/website\/wp-json\/wp\/v2\/posts"}],"about":[{"href":"https:\/\/www.messinaoggi.it\/website\/wp-json\/wp\/v2\/types\/post"}],"author":[{"embeddable":true,"href":"https:\/\/www.messinaoggi.it\/website\/wp-json\/wp\/v2\/users\/9"}],"replies":[{"embeddable":true,"href":"https:\/\/www.messinaoggi.it\/website\/wp-json\/wp\/v2\/comments?post=8732"}],"version-history":[{"count":0,"href":"https:\/\/www.messinaoggi.it\/website\/wp-json\/wp\/v2\/posts\/8732\/revisions"}],"wp:featuredmedia":[{"embeddable":true,"href":"https:\/\/www.messinaoggi.it\/website\/wp-json\/wp\/v2\/media\/8656"}],"wp:attachment":[{"href":"https:\/\/www.messinaoggi.it\/website\/wp-json\/wp\/v2\/media?parent=8732"}],"wp:term":[{"taxonomy":"category","embeddable":true,"href":"https:\/\/www.messinaoggi.it\/website\/wp-json\/wp\/v2\/categories?post=8732"},{"taxonomy":"post_tag","embeddable":true,"href":"https:\/\/www.messinaoggi.it\/website\/wp-json\/wp\/v2\/tags?post=8732"}],"curies":[{"name":"wp","href":"https:\/\/api.w.org\/{rel}","templated":true}]}}