{"id":87253,"date":"2021-11-15T00:07:33","date_gmt":"2021-11-14T23:07:33","guid":{"rendered":"https:\/\/www.messinaoggi.it\/website\/2021\/11\/14\/covid-speranza-in-arrivo-una-curva-insidiosa-serve-attenzione\/"},"modified":"2021-11-15T09:28:22","modified_gmt":"2021-11-15T08:28:22","slug":"covid-speranza-in-arrivo-una-curva-insidiosa-serve-attenzione","status":"publish","type":"post","link":"https:\/\/www.messinaoggi.it\/website\/2021\/11\/15\/covid-speranza-in-arrivo-una-curva-insidiosa-serve-attenzione\/","title":{"rendered":"Covid, Speranza \u201cIn arrivo una curva insidiosa, serve attenzione\u201d"},"content":{"rendered":"<div>ROMA (ITALPRESS) &#8211; &#8220;L&#8217;Italia ha conservato numerose misure precauzionali. Ci siamo dati regole di maggiori cautele anche per gli arrivi dall&#8217;estero. Chi viene da oltreoceano deve fare la quarantena di 10 giorni, siamo ancora tra i pi\u00f9 rigidi. In Europa invece abbiamo fatto un&#8217;intesa che consente di circolare con il green pass, La scelta europea per\u00f2 fu fatta nella direzione di tutelare la mobilit\u00e0&#8221;. Lo ha detto il ministro della Salute, Roberto Speranza, a &#8220;Che Tempo Che Fa&#8221; su Rai3. E su nuove misure cautelative ha detto: &#8220;In questo momento manteniamo le regole esistenti. Valuteremo l&#8217;evoluzione del quadro epidemiologico, intanto insistiamo sul richiamo per il quale siamo partiti dai fragili&#8221;.<br \/>&#8220;Come andr\u00e0 il Natale dipende da noi, dai nostri comportamenti. Ci avviciniamo a una curva insidiosa, non possiamo pensare che quello che succede in Germania non ci riguardi. L&#8217;Austria \u00e8 vicinissima, ha pi\u00f9 casi di noi con un sesto degli abitanti&#8221;, ha sottolineato il ministro, ribadendo che &#8220;bisogna insistere con le vaccinazioni e l&#8217;uso della mascherina e delle altre misure&#8221;.<br \/>&#8220;Purtroppo l&#8217;indice RT tra 10 giorni non \u00e8 gi\u00e0 deciso, non \u00e8 scritto in cielo, ma dipende da noi &#8211; ha detto ancora Speranza -. Saranno importanti la campagna di vaccinazione e le modalit\u00e0 corrette di comportamenti per il virus, l&#8217;RT dipende dai nostri comportamenti e dalle vaccinazioni. La stragrande maggioranza  degli italiani \u00e8 stata attenta e straordinaria nei momenti importanti. Nelle prossime settimane arriva una curva insidiosa, quello che avviene in Austria, in Germania o in Gran Bretagna ci riguarda. Dobbiamo fare attenzione. E&#8217; il momento di usare di pi\u00f9 la mascherina, avere cautela sul distanziamento e fare il richiamo o terza dose per le categorie interessate. Infine rinnovo l&#8217;appello a vaccinarsi a chi non lo ha ancora fatto&#8221;.<br \/>(ITALPRESS).<\/div>\n<div id=\"div-gpt-ad-Messinaoggi.it-DSK-300x250-corpoart\" style=\"text-align:center;margin:0 auto;\"><\/div><\/p><div id=\"videoincontent\" style=\"clear:both\";><\/div>","protected":false},"excerpt":{"rendered":"<p>ROMA (ITALPRESS) &#8211; &#8220;L&#8217;Italia ha conservato numerose misure precauzionali. Ci siamo dati regole di maggiori cautele anche per gli arrivi dall&#8217;estero. Chi viene da oltreoceano deve fare la quarantena di 10 giorni, siamo ancora tra i pi\u00f9 rigidi. In Europa invece abbiamo fatto un&#8217;intesa che consente di circolare con il green pass, La scelta europea [&hellip;]<\/p>\n","protected":false},"author":18,"featured_media":87254,"comment_status":"closed","ping_status":"closed","sticky":false,"template":"","format":"standard","meta":{"ub_ctt_via":"","_mi_skip_tracking":false},"categories":[221,446],"tags":[783],"featured_image_src":"https:\/\/www.messinaoggi.it\/website\/wp-content\/uploads\/2021\/11\/20211114_1735.jpg","author_info":{"display_name":"Admin","author_link":"https:\/\/www.messinaoggi.it\/website\/author\/admin\/"},"digistream_id":0,"digistream":false,"_links":{"self":[{"href":"https:\/\/www.messinaoggi.it\/website\/wp-json\/wp\/v2\/posts\/87253"}],"collection":[{"href":"https:\/\/www.messinaoggi.it\/website\/wp-json\/wp\/v2\/posts"}],"about":[{"href":"https:\/\/www.messinaoggi.it\/website\/wp-json\/wp\/v2\/types\/post"}],"author":[{"embeddable":true,"href":"https:\/\/www.messinaoggi.it\/website\/wp-json\/wp\/v2\/users\/18"}],"replies":[{"embeddable":true,"href":"https:\/\/www.messinaoggi.it\/website\/wp-json\/wp\/v2\/comments?post=87253"}],"version-history":[{"count":1,"href":"https:\/\/www.messinaoggi.it\/website\/wp-json\/wp\/v2\/posts\/87253\/revisions"}],"predecessor-version":[{"id":87266,"href":"https:\/\/www.messinaoggi.it\/website\/wp-json\/wp\/v2\/posts\/87253\/revisions\/87266"}],"wp:featuredmedia":[{"embeddable":true,"href":"https:\/\/www.messinaoggi.it\/website\/wp-json\/wp\/v2\/media\/87254"}],"wp:attachment":[{"href":"https:\/\/www.messinaoggi.it\/website\/wp-json\/wp\/v2\/media?parent=87253"}],"wp:term":[{"taxonomy":"category","embeddable":true,"href":"https:\/\/www.messinaoggi.it\/website\/wp-json\/wp\/v2\/categories?post=87253"},{"taxonomy":"post_tag","embeddable":true,"href":"https:\/\/www.messinaoggi.it\/website\/wp-json\/wp\/v2\/tags?post=87253"}],"curies":[{"name":"wp","href":"https:\/\/api.w.org\/{rel}","templated":true}]}}