{"id":87165,"date":"2021-11-14T09:07:37","date_gmt":"2021-11-14T08:07:37","guid":{"rendered":"https:\/\/www.messinaoggi.it\/website\/2021\/11\/14\/letta-prima-blindiamo-la-manovra-poi-parleremo-di-quirinale\/"},"modified":"2021-11-14T09:07:37","modified_gmt":"2021-11-14T08:07:37","slug":"letta-prima-blindiamo-la-manovra-poi-parleremo-di-quirinale","status":"publish","type":"post","link":"https:\/\/www.messinaoggi.it\/website\/2021\/11\/14\/letta-prima-blindiamo-la-manovra-poi-parleremo-di-quirinale\/","title":{"rendered":"Letta \u201cPrima blindiamo la manovra, poi parleremo di Quirinale\u201d"},"content":{"rendered":"<div>TORINO (ITALPRESS) &#8211; &#8220;Vedo uno sfilacciamento in corso che temo moltissimo, perch\u00e8 in questo momento c&#8217;\u00e8 bisogno dell&#8217;opposto. Un&#8217;assunzione di responsabilit\u00e0 delle forze politiche a sostegno di Draghi. Un patto tra i partiti che sostengono questo governo. Propongo un incontro di tutti i leader della maggioranza con il premier perch\u00e8 questo accordo sia formalizzato. Ognuno rinunci alla sua bandiera per un risultato condiviso da tutti&#8221;. Cos\u00ec Enrico Letta segretario del Partito Democratico in una intervista a &#8220;La Stampa&#8221; invita tutti i partiti che compongono l&#8217;attuale maggioranza a sostenere la manovra. &#8220;Immaginare che sulla prima manovra di questo governo ci possa essere un Vietnam parlamentare non \u00e8 accettabile&#8221; aggiunge, quindi sulla scelta del prossimo inquilino del Quirinale, dice: &#8220;Quello \u00e8 il secondo tempo. Se non si spostano a dopo l&#8217;approvazione della manovra le giuste e legittime discussioni che dobbiamo fare sulla migliore soluzione per il Colle ne andr\u00e0 di mezzo la legge di bilancio e saliranno le tensioni nel Paese. Le strategie sul prossimo presidente non possono interferire su decisioni che milioni di cittadini attendono, come quelle sulle pensioni. Altrimenti finiremo per alimentare l&#8217;idea che la politica \u00e8 diventata l&#8217;ostacolo. E poi alle elezioni dovremo andarci noi&#8221;.<br \/>\n(ITALPRESS).<\/div>\n<div id=\"div-gpt-ad-Messinaoggi.it-DSK-300x250-corpoart\" style=\"text-align:center;margin:0 auto;\"><\/div><\/p><div id=\"videoincontent\" style=\"clear:both\";><\/div>","protected":false},"excerpt":{"rendered":"<p>TORINO (ITALPRESS) &#8211; &#8220;Vedo uno sfilacciamento in corso che temo moltissimo, perch\u00e8 in questo momento c&#8217;\u00e8 bisogno dell&#8217;opposto. Un&#8217;assunzione di responsabilit\u00e0 delle forze politiche a sostegno di Draghi. Un patto tra i partiti che sostengono questo governo. Propongo un incontro di tutti i leader della maggioranza con il premier perch\u00e8 questo accordo sia formalizzato. Ognuno [&hellip;]<\/p>\n","protected":false},"author":18,"featured_media":87166,"comment_status":"closed","ping_status":"closed","sticky":false,"template":"","format":"standard","meta":{"ub_ctt_via":"","_mi_skip_tracking":false},"categories":[446],"tags":[783],"featured_image_src":"https:\/\/www.messinaoggi.it\/website\/wp-content\/uploads\/2021\/11\/20211114_0087.jpg","author_info":{"display_name":"Admin","author_link":"https:\/\/www.messinaoggi.it\/website\/author\/admin\/"},"digistream_id":0,"digistream":false,"_links":{"self":[{"href":"https:\/\/www.messinaoggi.it\/website\/wp-json\/wp\/v2\/posts\/87165"}],"collection":[{"href":"https:\/\/www.messinaoggi.it\/website\/wp-json\/wp\/v2\/posts"}],"about":[{"href":"https:\/\/www.messinaoggi.it\/website\/wp-json\/wp\/v2\/types\/post"}],"author":[{"embeddable":true,"href":"https:\/\/www.messinaoggi.it\/website\/wp-json\/wp\/v2\/users\/18"}],"replies":[{"embeddable":true,"href":"https:\/\/www.messinaoggi.it\/website\/wp-json\/wp\/v2\/comments?post=87165"}],"version-history":[{"count":0,"href":"https:\/\/www.messinaoggi.it\/website\/wp-json\/wp\/v2\/posts\/87165\/revisions"}],"wp:featuredmedia":[{"embeddable":true,"href":"https:\/\/www.messinaoggi.it\/website\/wp-json\/wp\/v2\/media\/87166"}],"wp:attachment":[{"href":"https:\/\/www.messinaoggi.it\/website\/wp-json\/wp\/v2\/media?parent=87165"}],"wp:term":[{"taxonomy":"category","embeddable":true,"href":"https:\/\/www.messinaoggi.it\/website\/wp-json\/wp\/v2\/categories?post=87165"},{"taxonomy":"post_tag","embeddable":true,"href":"https:\/\/www.messinaoggi.it\/website\/wp-json\/wp\/v2\/tags?post=87165"}],"curies":[{"name":"wp","href":"https:\/\/api.w.org\/{rel}","templated":true}]}}