{"id":87128,"date":"2021-11-13T16:07:43","date_gmt":"2021-11-13T15:07:43","guid":{"rendered":"https:\/\/www.messinaoggi.it\/website\/2021\/11\/13\/pole-di-martin-a-valencia-rossi-in-quarta-fila\/"},"modified":"2021-11-13T16:07:43","modified_gmt":"2021-11-13T15:07:43","slug":"pole-di-martin-a-valencia-rossi-in-quarta-fila","status":"publish","type":"post","link":"https:\/\/www.messinaoggi.it\/website\/2021\/11\/13\/pole-di-martin-a-valencia-rossi-in-quarta-fila\/","title":{"rendered":"Pole di Martin a Valencia, Rossi in quarta fila"},"content":{"rendered":"<div>VALENCIA (SPAGNA) (ITALPRESS) &#8211; Jorge Martin ottiene la pole position nel Gran Premio della Comunitat Valenciana, ultima tappa del Mondiale MotoGp 2021 in programma sul circuito Ricardo Tormo. Lo spagnolo della Ducati Pramac &#8211; quarta pole stagionale &#8211; sfila la prima casella della griglia a &#8216;Pecc\u00f2 Bagnaia: il centauro spagnolo chiude in 1&#8217;29&#8243;936, mentre l&#8217;italiano ferma il cronometro in 1&#8217;30&#8243;000 prima di scivolare dalla moto e precludersi la chance di un ultimo tentativo. &#8220;Ma non avrei migliorato in quel giro, Martin \u00e8 stato bravo e si merita la pole position &#8211; riconosce &#8211; Mi sta venendo difficile fare un giro perfetto perch\u00e8 questa pista non \u00e8 molto nelle mie corde, ma sono contento del lavoro che stiamo facendo&#8221;. &#8220;Finire con la pole davanti ai fan con la tribuna piena \u00e8 incredibile &#8211; esulta invece Martin &#8211; Sono contento e fiducioso per la gara, per vincere manca qualcosa rispetto a Bagnaia e le Suzuki ma dar\u00f2 il massimo e cercher\u00f2 di giocare le mie carte&#8221;. Ma la Ducati festeggia la tripletta con Jack Miller in prima fila e piazza anche Johann Zarco in quinta posizione, con l&#8217;unico intruso che risponde al nome di Joan Mir, quarto su Suzuki. Ottavo il campione del mondo in carica Fabio Quartararo (Yamaha), mentre Valentino Rossi chiude la sua ultima qualifica in decima piazza e scatter\u00e0 dalla quarta fila. Al via della gara non ci sar\u00e0 invece alcuna Honda ufficiale: rimasto a casa Marc Marquez, Pol Espargar\u00f2 \u00e8 finito in ospedale per accertamenti dopo una rovinosa caduta nelle terze libere.<br \/>(ITALPRESS).<\/div>\n<div id=\"div-gpt-ad-Messinaoggi.it-DSK-300x250-corpoart\" style=\"text-align:center;margin:0 auto;\"><\/div><\/p><div id=\"videoincontent\" style=\"clear:both\";><\/div>","protected":false},"excerpt":{"rendered":"<p>VALENCIA (SPAGNA) (ITALPRESS) &#8211; Jorge Martin ottiene la pole position nel Gran Premio della Comunitat Valenciana, ultima tappa del Mondiale MotoGp 2021 in programma sul circuito Ricardo Tormo. Lo spagnolo della Ducati Pramac &#8211; quarta pole stagionale &#8211; sfila la prima casella della griglia a &#8216;Pecc\u00f2 Bagnaia: il centauro spagnolo chiude in 1&#8217;29&#8243;936, mentre l&#8217;italiano [&hellip;]<\/p>\n","protected":false},"author":18,"featured_media":87129,"comment_status":"closed","ping_status":"closed","sticky":false,"template":"","format":"standard","meta":{"ub_ctt_via":"","_mi_skip_tracking":false},"categories":[446],"tags":[783],"featured_image_src":"https:\/\/www.messinaoggi.it\/website\/wp-content\/uploads\/2021\/11\/20211113_0838.jpg","author_info":{"display_name":"Admin","author_link":"https:\/\/www.messinaoggi.it\/website\/author\/admin\/"},"digistream_id":0,"digistream":false,"_links":{"self":[{"href":"https:\/\/www.messinaoggi.it\/website\/wp-json\/wp\/v2\/posts\/87128"}],"collection":[{"href":"https:\/\/www.messinaoggi.it\/website\/wp-json\/wp\/v2\/posts"}],"about":[{"href":"https:\/\/www.messinaoggi.it\/website\/wp-json\/wp\/v2\/types\/post"}],"author":[{"embeddable":true,"href":"https:\/\/www.messinaoggi.it\/website\/wp-json\/wp\/v2\/users\/18"}],"replies":[{"embeddable":true,"href":"https:\/\/www.messinaoggi.it\/website\/wp-json\/wp\/v2\/comments?post=87128"}],"version-history":[{"count":0,"href":"https:\/\/www.messinaoggi.it\/website\/wp-json\/wp\/v2\/posts\/87128\/revisions"}],"wp:featuredmedia":[{"embeddable":true,"href":"https:\/\/www.messinaoggi.it\/website\/wp-json\/wp\/v2\/media\/87129"}],"wp:attachment":[{"href":"https:\/\/www.messinaoggi.it\/website\/wp-json\/wp\/v2\/media?parent=87128"}],"wp:term":[{"taxonomy":"category","embeddable":true,"href":"https:\/\/www.messinaoggi.it\/website\/wp-json\/wp\/v2\/categories?post=87128"},{"taxonomy":"post_tag","embeddable":true,"href":"https:\/\/www.messinaoggi.it\/website\/wp-json\/wp\/v2\/tags?post=87128"}],"curies":[{"name":"wp","href":"https:\/\/api.w.org\/{rel}","templated":true}]}}