{"id":87098,"date":"2021-11-13T10:07:35","date_gmt":"2021-11-13T09:07:35","guid":{"rendered":"https:\/\/www.messinaoggi.it\/website\/2021\/11\/13\/quirinale-mattarella-conferisce-33-onorificenze-al-merito\/"},"modified":"2021-11-13T10:07:35","modified_gmt":"2021-11-13T09:07:35","slug":"quirinale-mattarella-conferisce-33-onorificenze-al-merito","status":"publish","type":"post","link":"https:\/\/www.messinaoggi.it\/website\/2021\/11\/13\/quirinale-mattarella-conferisce-33-onorificenze-al-merito\/","title":{"rendered":"Quirinale, Mattarella conferisce 33 onorificenze al merito"},"content":{"rendered":"<div>ROMA (ITALPRESS) &#8211; Il Presidente della Repubblica, Sergio Mattarella, ha conferito, motu proprio, trentatr\u00e8 onorificenze al Merito della Repubblica Italiana a cittadine e cittadini che si sono distinti per atti di eroismo, per l&#8217;impegno nella solidariet\u00e0, nel volontariato, per l&#8217;attivit\u00e0 in favore dell&#8217;inclusione sociale, nella cooperazione internazionale, nella promozione della cultura, della legalit\u00e0, del diritto alla salute e dei diritti dell&#8217;infanzia.<br \/>\nIl Presidente Mattarella ha individuato, tra i tanti esempi presenti nella societ\u00e0 civile e nelle istituzioni, alcuni casi significativi di impegno civile, di dedizione al bene comune e di testimonianza dei valori repubblicani.<br \/>\nLa cerimonia di consegna delle onorificenze si svolger\u00e0 al Palazzo del Quirinale il 29 novembre 2021 alle ore 11.00 e riguarder\u00e0 gli insigniti del 2020.<br \/>\nI premiati sono: Stefano Caccavari, 33 anni, Cavaliere dell&#8217;Ordine al Merito della Repubblica Italiana: &#8220;Per il suo innovativo contributo rivolto alla valorizzazione del patrimonio territoriale in Calabria&#8221;<br \/>\nEnrico Capo, 92 anni, Commendatore dell&#8217;Ordine al Merito della Repubblica Italiana: &#8220;Per il suo contributo teorico ed esperienziale nell&#8217;approfondimento e studio delle politiche connesse al servizio sociale&#8221;<br \/>\nRaffaele Capperi, 27 anni, Cavaliere dell&#8217;Ordine al Merito della Repubblica Italiana: &#8220;Per il suo impegno in prima persona nella sensibilizzazione contro il bullismo e le discriminazioni&#8221;<br \/>\nMarina Cianfarini, 28 anni, Cavaliere dell&#8217;Ordine al Merito della Repubblica Italiana: &#8220;Per il suo creativo e originale contributo nel sostegno ai piccoli pazienti ospedalieri&#8221;<br \/>\nGiancarlo Dell&#8217;Amico, 91 anni, Commendatore dell&#8217;Ordine al Merito della Repubblica Italiana: &#8220;Per l&#8217;altruismo e la sensibilit\u00e0 mostrata in occasione della prima campagna di vaccinazione anti Covid-19&#8221;<br \/>\nDaniela Di Fiore, 51 anni, Ufficiale dell&#8217;Ordine al Merito della Repubblica Italiana: &#8220;Per la passione, la professionalit\u00e0 e la sensibilit\u00e0 con cui svolge il servizio di insegnamento a favore dei piccoli ricoverati nel reparto di oncologia pediatrica del Policlinico Agostino Gemelli di Roma&#8221;<br \/>\nMaria Teresa D&#8217;Oronzio, 64 anni, e Michele Lupo, 70 anni, Ufficiali dell&#8217;Ordine al Merito della Repubblica Italiana: &#8220;Per il loro impegno nel miglioramento della condizione dei piccoli malati onco-ematologici in Basilicata&#8221;<br \/>\nMamadou Fall, 39 anni, Cavaliere dell&#8217;Ordine al Merito della Repubblica Italiana: &#8220;Per il coraggio e l&#8217;altruismo con cui, a proprio rischio, \u00e8 intervenuto per difendere una donna da una violenta aggressione&#8221;<br \/>\nMichele Farina, 57 anni, Ufficiale dell&#8217;Ordine al Merito della Repubblica Italiana: &#8220;Per il suo generoso e appassionato impegno a favore della tutela della dignit\u00e0 e dei diritti dei malati di Alzheimer&#8221;<br \/>\nMohamed Ali Hassan, 39 anni, Cavaliere dell&#8217;Ordine al Merito della Repubblica Italiana: &#8220;Per il senso civico dimostrato in occasione della restituzione di una ingente somma di denaro&#8221;<br \/>\nGiuseppe Lavalle, 78 anni, Commendatore dell&#8217;Ordine al Merito della Repubblica Italiana: &#8220;Per la sua preziosa e generosa opera di assistenza e supporto ai ragazzi dell&#8217;Istituto Penale per Minorenni di Nisida&#8221;.<br \/>\nAstutillo Malgioglio, 63 anni, Ufficiale dell&#8217;Ordine al Merito della Repubblica Italiana: &#8220;Per il suo costante e coraggioso impegno a favore dell&#8217;assistenza e dell&#8217;integrazione dei bambini affetti da distrofia&#8221;. Ex portiere di calcio. Ha giocato per Brescia, Pistoiese, la Roma di Nils Liedholm finalista di Coppa Campioni e di Eriksson, Lazio e Inter di Trapattoni con cui ha vinto scudetto e coppa UEFA, per terminare all&#8217;Atalanta.<br \/>\nMauro Mascetti, 48 anni e Giovanni Lo Dato, 70 anni, rispettivamente Cavaliere e Ufficiale dell&#8217;Ordine al Merito della Repubblica Italiana: &#8220;Per il loro lucido e tempestivo intervento nel mettere in salvo un gruppo di ragazzi minacciati dal divampare di un incendio&#8221;.<br \/>\nMatteo Mazzarotto, 62 anni, e Ivana Perri, 55 anni, Ufficiali dell&#8217;Ordine al Merito della Repubblica Italiana: &#8220;Per la loro dedizione all&#8217;inclusione e al sostegno per il dopo di noi delle persone con gravi disabilit\u00e0 cognitive-sensoriali&#8221;<br \/>\nGaspare Morgante, 59 anni, e Laura Terdossi 56 anni, Ufficiali dell&#8217;Ordine al Merito della Repubblica Italiana: &#8220;Per la loro originale iniziativa di solidariet\u00e0 nei confronti di quanti vivono condizioni di solitudine e isolamento&#8221;<br \/>\nAndrea Mucci, 23 anni, Cavaliere dell&#8217;Ordine al Merito della Repubblica Italiana: &#8220;Per il suo fantasioso contributo nella promozione della cultura dell&#8217;accessibilit\u00e0&#8221;<br \/>\nMaria Teresa Nardello, 77 anni, Commendatore dell&#8217;Ordine al Merito della Repubblica Italiana: &#8220;Per la sua preziosa opera di promozione e tutela del diritto all&#8217;istruzione per i bambini in Sierra Leone&#8221;<br \/>\nValeria e Federica Pace, 32 anni, Cavalieri dell&#8217;Ordine al Merito della Repubblica Italiana: &#8220;Per la loro testimonianza e il loro impegno nella creazione di una rete di sostegno reciproco e confronto per i pazienti affetti da malattie rare in Sicilia&#8221;<br \/>\nMartina Pigliapoco, 26 anni, Cavaliere dell&#8217;Ordine al Merito della Repubblica Italiana: &#8220;Per il coraggio e la sensibilit\u00e0 dimostrate nell&#8217;esercizio delle sue funzioni&#8221;<br \/>\nWalter Rista, 77 anni, Commendatore dell&#8217;Ordine al Merito della Repubblica Italiana: &#8220;Per la professionalit\u00e0 e la generosit\u00e0 dimostrate nella promozione di percorsi di risocializzazione per i detenuti&#8221; Ex giocatore di rugby. Vest\u00ec la maglia della nazionale negli anni 1968-70. Presidente dell&#8217;associazione Onlus &#8220;Ovale oltre le sbarre&#8221; promotrice del progetto &#8220;Il Rugby nelle carceri&#8221;. Gabriele Salvadori, 46 anni, Cavaliere dell&#8217;Ordine al Merito della Repubblica Italiana: &#8220;Per il suo decisivo intervento di primo soccorso ad un&#8217;atleta caduta in un dirupo durante una gara ciclistica&#8221;.<br \/>\nGiandonato Salvia, 32 anni, Cavaliere dell&#8217;Ordine al Merito della Repubblica Italiana: &#8220;Per il suo contributo nella promozione di un uso sociale delle nuove tecnologie&#8221;.<br \/>\nMaria Vittoria Sebastiani, 86 anni, Commendatore dell&#8217;Ordine al Merito della Repubblica Italiana: &#8220;Per l&#8217;impegno, di tutta una vita, a favore della promozione della cultura del dialogo e dell&#8217;incontro&#8221;.<br \/>\nCarmelo Sella, 69 anni, Ufficiale dell&#8217;Ordine al Merito della Repubblica Italiana: &#8220;Per la sua fattiva collaborazione per la costruzione di un oratorio per i bambini di un villaggio senegalese&#8221;.<br \/>\nMariangela Tar\u00ec, 47 anni, Cavaliere dell&#8217;Ordine al Merito della Repubblica Italiana: &#8220;Per la sua preziosa, intensa e appassionata testimonianza delle difficolt\u00e0 quotidiane legate alla condizione di caregiver familiare&#8221;<br \/>\nStefano Tavilla, 56 anni, Ufficiale dell&#8217;Ordine al Merito della Repubblica Italiana: &#8220;Per il suo impegno nella divulgazione e informazione sul tema dei disturbi del comportamento alimentare&#8221;<br \/>\nAnnamaria Valzasina, 59 anni, Ufficiale dell&#8217;Ordine al Merito della Repubblica Italiana: &#8220;Per la sua encomiabile dedizione all&#8217;insegnamento e alla formazione dei giovani studenti&#8221;<br \/>\nCristina Zambonini, 35 anni, Cavaliere dell&#8217;Ordine al Merito della Repubblica Italiana: &#8220;Per il suo esempio di forza d&#8217;animo e per l&#8217;appassionato contributo nella promozione della cultura del dono&#8221;<br \/>\n(ITALPRESS).<\/div>\n<div id=\"div-gpt-ad-Messinaoggi.it-DSK-300x250-corpoart\" style=\"text-align:center;margin:0 auto;\"><\/div><\/p><div id=\"videoincontent\" style=\"clear:both\";><\/div>","protected":false},"excerpt":{"rendered":"<p>ROMA (ITALPRESS) &#8211; Il Presidente della Repubblica, Sergio Mattarella, ha conferito, motu proprio, trentatr\u00e8 onorificenze al Merito della Repubblica Italiana a cittadine e cittadini che si sono distinti per atti di eroismo, per l&#8217;impegno nella solidariet\u00e0, nel volontariato, per l&#8217;attivit\u00e0 in favore dell&#8217;inclusione sociale, nella cooperazione internazionale, nella promozione della cultura, della legalit\u00e0, del diritto [&hellip;]<\/p>\n","protected":false},"author":18,"featured_media":87099,"comment_status":"closed","ping_status":"closed","sticky":false,"template":"","format":"standard","meta":{"ub_ctt_via":"","_mi_skip_tracking":false},"categories":[446],"tags":[783],"featured_image_src":"https:\/\/www.messinaoggi.it\/website\/wp-content\/uploads\/2021\/11\/20211113_0116.jpg","author_info":{"display_name":"Admin","author_link":"https:\/\/www.messinaoggi.it\/website\/author\/admin\/"},"digistream_id":0,"digistream":false,"_links":{"self":[{"href":"https:\/\/www.messinaoggi.it\/website\/wp-json\/wp\/v2\/posts\/87098"}],"collection":[{"href":"https:\/\/www.messinaoggi.it\/website\/wp-json\/wp\/v2\/posts"}],"about":[{"href":"https:\/\/www.messinaoggi.it\/website\/wp-json\/wp\/v2\/types\/post"}],"author":[{"embeddable":true,"href":"https:\/\/www.messinaoggi.it\/website\/wp-json\/wp\/v2\/users\/18"}],"replies":[{"embeddable":true,"href":"https:\/\/www.messinaoggi.it\/website\/wp-json\/wp\/v2\/comments?post=87098"}],"version-history":[{"count":0,"href":"https:\/\/www.messinaoggi.it\/website\/wp-json\/wp\/v2\/posts\/87098\/revisions"}],"wp:featuredmedia":[{"embeddable":true,"href":"https:\/\/www.messinaoggi.it\/website\/wp-json\/wp\/v2\/media\/87099"}],"wp:attachment":[{"href":"https:\/\/www.messinaoggi.it\/website\/wp-json\/wp\/v2\/media?parent=87098"}],"wp:term":[{"taxonomy":"category","embeddable":true,"href":"https:\/\/www.messinaoggi.it\/website\/wp-json\/wp\/v2\/categories?post=87098"},{"taxonomy":"post_tag","embeddable":true,"href":"https:\/\/www.messinaoggi.it\/website\/wp-json\/wp\/v2\/tags?post=87098"}],"curies":[{"name":"wp","href":"https:\/\/api.w.org\/{rel}","templated":true}]}}