{"id":87049,"date":"2021-11-12T20:07:39","date_gmt":"2021-11-12T19:07:39","guid":{"rendered":"https:\/\/www.messinaoggi.it\/website\/2021\/11\/12\/libia-draghi-situazione-sbarchi-insostenibile-ue-trovi-accordo\/"},"modified":"2021-11-12T20:07:39","modified_gmt":"2021-11-12T19:07:39","slug":"libia-draghi-situazione-sbarchi-insostenibile-ue-trovi-accordo","status":"publish","type":"post","link":"https:\/\/www.messinaoggi.it\/website\/2021\/11\/12\/libia-draghi-situazione-sbarchi-insostenibile-ue-trovi-accordo\/","title":{"rendered":"Libia, Draghi \u201cSituazione sbarchi insostenibile, UE trovi accordo\u201d"},"content":{"rendered":"<div>ROMA (ITALPRESS) &#8211; &#8220;Il riaccostamento delle posizioni italiane e francesi riflette esattamente il riaccostamento tra le autorit\u00e0 libiche: se non si va d&#8217;accordo non si aiuta la Libia, questo il motivo principale per cui le nostre posizioni si sono molto ravvicinate&#8221;. Lo ha detto il presidente del Consiglio, Mario Draghi, nel corso della conferenza stampa congiunta di Francia, Italia, Germania, Onu e Libia, al termine della Conferenza Internazionale sulla Libia. Il presidente Draghi ha risposto ad una domanda sugli sbarchi: &#8220;occorre intervenire, fare qualcosa per affrontare questa situazione. E&#8217; certo per\u00f2 che questi sbarchi continui in Italia rendono la situazione insostenibile, e l&#8217;Unione Europea deve trovare un accordo su questo fronte, e noi stessi dobbiamo riuscire ad investire di pi\u00f9 in Libia, a spendere pi\u00f9 denari in Libia per aiutare i libici a rendere queste migrazioni pi\u00f9 umane. La Libia per\u00f2 \u00e8 anche un paese di passaggio&#8221;.<br \/>\n&#8220;La presenza dei copresidenti libici qui dimostra che sono pronti a lavorare insieme per i prossimi appuntamenti, molto complicati, ma per i quali abbiamo fiducia che si risolveranno nel miglior modo, nel miglior interesse per la Libia&#8221; ha aggiunto Draghi. &#8220;Il percorso verso la stabilit\u00e0 \u00e8 fondata su quattro pilastri: il primo sono le elezioni, sappiamo che si svolgeranno il 24 dicembre, sia parlamentari che presidenziali&#8221;. &#8220;I libici vogliono votare, ci sono gi\u00e0 tre milioni di registrati. Per poterle fare occorre una legge elettorale, l&#8217;auspicio \u00e8 che venga fatta insieme, \u00e8 urgente&#8221;. Il secondo pilastro per il percorso verso la stabilit\u00e0 \u00e8 la &#8220;sicurezza, il cessate il fuoco, il percorso per la ricostruzione \u00e8 possibile, la presenza dei due copresidenti libici lo dimostra, il terzo pilastro \u00e8 l&#8217;economi, il quarto pilastro \u00e8 il rispetto dei diritti umani, su questo tema siamo tutti d&#8217;accordo, siamo consapevoli che la questione sui diritti umani va affrontata tutti insieme&#8221;.<br \/>\n(ITALPRESS).<\/div>\n<div id=\"div-gpt-ad-Messinaoggi.it-DSK-300x250-corpoart\" style=\"text-align:center;margin:0 auto;\"><\/div><\/p><div id=\"videoincontent\" style=\"clear:both\";><\/div>","protected":false},"excerpt":{"rendered":"<p>ROMA (ITALPRESS) &#8211; &#8220;Il riaccostamento delle posizioni italiane e francesi riflette esattamente il riaccostamento tra le autorit\u00e0 libiche: se non si va d&#8217;accordo non si aiuta la Libia, questo il motivo principale per cui le nostre posizioni si sono molto ravvicinate&#8221;. Lo ha detto il presidente del Consiglio, Mario Draghi, nel corso della conferenza stampa [&hellip;]<\/p>\n","protected":false},"author":18,"featured_media":87050,"comment_status":"closed","ping_status":"closed","sticky":false,"template":"","format":"standard","meta":{"ub_ctt_via":"","_mi_skip_tracking":false},"categories":[446],"tags":[783],"featured_image_src":"https:\/\/www.messinaoggi.it\/website\/wp-content\/uploads\/2021\/11\/20211112_1950.jpg","author_info":{"display_name":"Admin","author_link":"https:\/\/www.messinaoggi.it\/website\/author\/admin\/"},"digistream_id":0,"digistream":false,"_links":{"self":[{"href":"https:\/\/www.messinaoggi.it\/website\/wp-json\/wp\/v2\/posts\/87049"}],"collection":[{"href":"https:\/\/www.messinaoggi.it\/website\/wp-json\/wp\/v2\/posts"}],"about":[{"href":"https:\/\/www.messinaoggi.it\/website\/wp-json\/wp\/v2\/types\/post"}],"author":[{"embeddable":true,"href":"https:\/\/www.messinaoggi.it\/website\/wp-json\/wp\/v2\/users\/18"}],"replies":[{"embeddable":true,"href":"https:\/\/www.messinaoggi.it\/website\/wp-json\/wp\/v2\/comments?post=87049"}],"version-history":[{"count":0,"href":"https:\/\/www.messinaoggi.it\/website\/wp-json\/wp\/v2\/posts\/87049\/revisions"}],"wp:featuredmedia":[{"embeddable":true,"href":"https:\/\/www.messinaoggi.it\/website\/wp-json\/wp\/v2\/media\/87050"}],"wp:attachment":[{"href":"https:\/\/www.messinaoggi.it\/website\/wp-json\/wp\/v2\/media?parent=87049"}],"wp:term":[{"taxonomy":"category","embeddable":true,"href":"https:\/\/www.messinaoggi.it\/website\/wp-json\/wp\/v2\/categories?post=87049"},{"taxonomy":"post_tag","embeddable":true,"href":"https:\/\/www.messinaoggi.it\/website\/wp-json\/wp\/v2\/tags?post=87049"}],"curies":[{"name":"wp","href":"https:\/\/api.w.org\/{rel}","templated":true}]}}