{"id":87036,"date":"2021-11-12T18:47:34","date_gmt":"2021-11-12T17:47:34","guid":{"rendered":"https:\/\/www.messinaoggi.it\/website\/2021\/11\/12\/palermo-ance-un-danno-per-citta-mancata-approvazione-piano-triennale\/"},"modified":"2021-11-12T18:47:34","modified_gmt":"2021-11-12T17:47:34","slug":"palermo-ance-un-danno-per-citta-mancata-approvazione-piano-triennale","status":"publish","type":"post","link":"https:\/\/www.messinaoggi.it\/website\/2021\/11\/12\/palermo-ance-un-danno-per-citta-mancata-approvazione-piano-triennale\/","title":{"rendered":"Palermo, Ance: \u201cUn danno per Citt\u00e0 mancata approvazione Piano triennale\u201d"},"content":{"rendered":"<div>\n<p>PALERMO (ITALPRESS) \u2013 \u201cL\u2019ennesimo rinvio della seduta del Consiglio Comunale di Palermo che doveva approvare il Piano Triennale delle Opere Pubbliche desta preoccupazione e sconcerto\u201d. Ad affermarlo \u00e8 il presidente di Ance Palermo, Massimiliano Miconi. <br \/>\u201cPerch\u00e8 \u2013 aggiunge \u2013  \u00e8 un danno per tutta la citt\u00e0, per le sue imprese e i suoi lavoratori, ed anche per tutti i cittadini\u201d. \u201cE\u2019 pur vero \u2013 prosegue il presidente Miconi \u2013 che l\u2019Amministrazione in carica non riesce neanche a fare partire le opere gi\u00e0 appaltate o a pagare le imprese che fanno i lavori o a portare a compimento le opere, ma questo comportamento ostruzionista ci sembra francamente irresponsabile. L\u2019approvazione del Piano Triennale non \u00e8 un regalo fatto all\u2019Amministrazione e la sua bocciatura non \u00e8 una punizione per la sua incapacit\u00e0. Occorre una tregua tra tutte le forze politiche presenti in Consiglio, occorre un gesto di responsabilit\u00e0 da parte di tutti, nell\u2019interesse esclusivo della nostra citt\u00e0. Se con l\u2019approvazione di questo Piano, con tutte le criticit\u00e0 che pu\u00f2 contenere, potranno essere finanziare opere importanti per la nostra citt\u00e0 questa sar\u00e0 una vittoria per tutti e la prossima Amministrazione, qualunque essa sia, non potr\u00e0 che avvalersene\u201d, conclude il presidente di Ance Palermo.<br \/>(ITALPRESS).<div id=\"div-gpt-ad-Messinaoggi.it-DSK-300x250-corpoart\" style=\"text-align:center;margin:0 auto;\"><\/div><\/p>\n<\/div>\n<div id=\"videoincontent\" style=\"clear:both\";><\/div>","protected":false},"excerpt":{"rendered":"<p>PALERMO (ITALPRESS) \u2013 \u201cL\u2019ennesimo rinvio della seduta del Consiglio Comunale di Palermo che doveva approvare il Piano Triennale delle Opere Pubbliche desta preoccupazione e sconcerto\u201d. Ad affermarlo \u00e8 il presidente di Ance Palermo, Massimiliano Miconi. \u201cPerch\u00e8 \u2013 aggiunge \u2013 \u00e8 un danno per tutta la citt\u00e0, per le sue imprese e i suoi lavoratori, ed [&hellip;]<\/p>\n","protected":false},"author":18,"featured_media":87037,"comment_status":"closed","ping_status":"closed","sticky":false,"template":"","format":"standard","meta":{"ub_ctt_via":"","_mi_skip_tracking":false},"categories":[2449],"tags":[783],"featured_image_src":"https:\/\/www.messinaoggi.it\/website\/wp-content\/uploads\/2021\/11\/20211112_1829.jpg","author_info":{"display_name":"Admin","author_link":"https:\/\/www.messinaoggi.it\/website\/author\/admin\/"},"digistream_id":0,"digistream":false,"_links":{"self":[{"href":"https:\/\/www.messinaoggi.it\/website\/wp-json\/wp\/v2\/posts\/87036"}],"collection":[{"href":"https:\/\/www.messinaoggi.it\/website\/wp-json\/wp\/v2\/posts"}],"about":[{"href":"https:\/\/www.messinaoggi.it\/website\/wp-json\/wp\/v2\/types\/post"}],"author":[{"embeddable":true,"href":"https:\/\/www.messinaoggi.it\/website\/wp-json\/wp\/v2\/users\/18"}],"replies":[{"embeddable":true,"href":"https:\/\/www.messinaoggi.it\/website\/wp-json\/wp\/v2\/comments?post=87036"}],"version-history":[{"count":0,"href":"https:\/\/www.messinaoggi.it\/website\/wp-json\/wp\/v2\/posts\/87036\/revisions"}],"wp:featuredmedia":[{"embeddable":true,"href":"https:\/\/www.messinaoggi.it\/website\/wp-json\/wp\/v2\/media\/87037"}],"wp:attachment":[{"href":"https:\/\/www.messinaoggi.it\/website\/wp-json\/wp\/v2\/media?parent=87036"}],"wp:term":[{"taxonomy":"category","embeddable":true,"href":"https:\/\/www.messinaoggi.it\/website\/wp-json\/wp\/v2\/categories?post=87036"},{"taxonomy":"post_tag","embeddable":true,"href":"https:\/\/www.messinaoggi.it\/website\/wp-json\/wp\/v2\/tags?post=87036"}],"curies":[{"name":"wp","href":"https:\/\/api.w.org\/{rel}","templated":true}]}}