{"id":86977,"date":"2021-11-12T14:07:35","date_gmt":"2021-11-12T13:07:35","guid":{"rendered":"https:\/\/www.messinaoggi.it\/website\/2021\/11\/12\/federmanager-lancia-il-patto-della-dirigenza-per-un-nuovo-rinascimento\/"},"modified":"2021-11-12T14:07:35","modified_gmt":"2021-11-12T13:07:35","slug":"federmanager-lancia-il-patto-della-dirigenza-per-un-nuovo-rinascimento","status":"publish","type":"post","link":"https:\/\/www.messinaoggi.it\/website\/2021\/11\/12\/federmanager-lancia-il-patto-della-dirigenza-per-un-nuovo-rinascimento\/","title":{"rendered":"Federmanager lancia il Patto della Dirigenza per un nuovo Rinascimento"},"content":{"rendered":"<div>ROMA (ITALPRESS) &#8211; E&#8217; un Patto della dirigenza per l&#8217;Italia, quello delineato dal presidente di Federmanager Stefano Cuzzilla a Roma, di fronte a oltre 600 tra dirigenti d&#8217;impresa e rappresentanti delle istituzioni, per costruire una crescita economica robusta e duratura, basata su occupazione, inclusivit\u00e0, welfare, transizione ecologica e trasformazione digitale.<br \/>Oltre al presidente Cuzzilla, l&#8217;Assemblea annuale di Federmanager ha visto la presenza del ministro degli Esteri Luigi Di Maio, del ministro per le Pari opportunit\u00e0 Elena Bonetti e del ministro della Difesa Lorenzo Guerini. Un particolare saluto di indirizzo \u00e8 stato portato dal commissario straordinario per l&#8217;emergenza Covid Francesco Paolo Figliuolo.<br \/>Al centro dei lavori, il Patto della dirigenza per l&#8217;Italia per il rilancio economico del Paese, a partire dalla &#8220;messa a terra&#8221; degli interventi previsti dal Pnrr.<br \/>\u00abE&#8217; il nostro impegno a collaborare con tutte le forze del Paese per un nuovo rinascimento italiano e realizzare un sistema economicamente pi\u00f9 competitivo, socialmente pi\u00f9 equo ed ambientalmente pi\u00f9 sostenibile &#8211; ha detto Stefano Cuzzilla nel suo intervento di apertura -. I manager italiani hanno gi\u00e0 dimostrato di detenere strumenti concreti e metodo d&#8217;attuazione che hanno salvato le nostre imprese nel periodo pi\u00f9 buio della pandemia. Ora siamo pronti per concretizzare il piano pi\u00f9 ambizioso di riforme ed investimenti che si ricordi dal dopoguerra\u00bb.<br \/>Oltre 222 miliardi di euro che sommati alle altre risorse nazionali ed europee, configurano una capacit\u00e0 di spesa 10 volte maggiore di quella sperimentata finora. Una tale improvvisa e massiccia iniezione di denaro rischia di agire come un doping sul sistema, se non si ha chiarezza su quali debbano essere gli obiettivi e su come raggiungerli.<br \/>\u00abRisorse da spendere bene, proteggendole con rigore da illegalit\u00e0, corruzione, e da un&#8217;evasione fiscale che da sola vale oltre 100 miliardi l&#8217;anno, riconoscendo che la cultura manageriale \u00e8 una risorsa strategica per mettere la competenza al centro della gestione &#8211; ha affermato Cuzzilla &#8211; sottolineando l&#8217;importanza che i dirigenti d&#8217;impresa siano chiamati a collaborare ai tavoli decisionali per l&#8217;attuazione del Pnrr\u00bb.<br \/>Secondo le stime di Federmanager e i dati dell&#8217;Osservatorio 4.Manager la centralit\u00e0 del ruolo dei dirigenti \u00e8 sempre pi\u00f9 riconosciuta dal sistema d&#8217;impresa italiano, cos\u00ec come lo \u00e8 stata nella fase peggiore della pandemia. Secondo l&#8217;indagine Federmanager sulle risoluzioni dei rapporti con contratto da dirigente nel 2020 il numero di manager uscito dalle imprese \u00e8 stato del 15% inferiore rispetto al 2019, e a ottobre 2021 la domanda di nuovi manager \u00e8 risultata del 50% superiore a quella dello stesso mese del 2020.<br \/>Oggi le imprese chiedono competenze nuove, specialistiche e ad alto valore aggiunto. Una tendenza che trova riscontro nei dati forniti dall&#8217;Osservatorio 4.Manager che descrivono una difficolt\u00e0 di reperimento in crescita che oggi riguarda il 36,4% del totale nuove assunzioni e che sale al 48,4% per i dirigenti. Esiste quindi un gap ancora da colmare in quanto l&#8217;offerta di profili manageriali non riesce a soddisfare la domanda.<br \/>\u00abFedermanager \u00e8 profondamente impegnata nello sviluppare piani di aggiornamento professionale e del definire i nuovi profili manageriali necessari al mercato &#8211; ha affermato Cuzzilla -. Prepariamo squadre di manager dell&#8217;innovazione, mobility manager, export manager, energy manager, digital cfo e manager per la sostenibilit\u00e0 necessari per massimizzare la ripresa economica.  Oggi chiediamo al Governo di sostenere questo sforzo. Chiediamo di confermare il voucher per gli innovation manager e di prevedere strumenti simili per l&#8217;inserimento delle altre figure, a partire dai manager per la sostenibilit\u00e0, oltre a sgravi fiscali che incentiveranno le imprese a investire nel nuovo che serve\u00bb.<br \/>Un tema, quello delle competenze, che riguarda l&#8217;intero sistema produttivo e certamente anche il pubblico e i soggetti a capitale pubblico. \u00abDavvero si pensa che il limite alle retribuzioni dei manager nella pubblica amministrazione o nelle societ\u00e0 partecipate non abbia effetto sulla loro selezione e, quindi, sulle performance aziendali? &#8211; ha affermato Cuzzilla nel suo intervento -.  Che sia possibile, a ogni cambio di maggioranza politica, sostituire la dirigenza senza effetti negativi sull&#8217;efficacia della Pa? Perch\u00e8 mai un progetto pubblico dovrebbe rappresentare un sacrificio economico, quasi una crociata piena di insidie? Occorre smetterla di nascondersi dietro a un dito: ragioni di equit\u00e0 e ragioni di opportunit\u00e0 rendono questi limiti controproducenti\u00bb.<br \/>Infine, ma non per questo ultimo per importanza, il tema delle riforme fiscali e previdenziali. Federmanager sostiene la richiesta delle imprese di abbattimento del cuneo fiscale e richiama l&#8217;urgenza di una riforma dell&#8217;Irpef che tuteli i redditi da lavoro e semplifichi gli adempimenti.<br \/>I conti pubblici della previdenza e dell&#8217;assistenza vanno separati. Cos\u00ec come non \u00e8 pensabile che ancora si sottovaluti l&#8217;importanza della previdenza complementare: si sottolinea che, da pi\u00f9 di 20 anni, il limite per la deducibilit\u00e0 fiscale per chi si iscrive a un fondo pensione sia rimasto invariato. Infine, Federmanager considera inammissibile che si proponga di eliminare la tassazione sui rendimenti e di portare a tassazione ordinaria ci\u00f2 che oggi \u00e8 gi\u00e0 tassato al 15%, disincentivando ci\u00f2 che dovrebbe essere incentivato.<br \/>I fondi di previdenza complementare raccolgono un risparmio potenzialmente strategico e andrebbero considerati nel loro ruolo di investitori istituzionali. Un ruolo che stanno dimostrando di esercitare, iniziando a investire nell&#8217;economia reale, sostenendo settori come infrastrutture, Pmi, real estate. Un ruolo strategico che pu\u00f2 andare a beneficio del nostro Paese, che oggi ha oltre 1.000 miliardi di euro di risparmio privato parcheggiati sui conti correnti.<br \/>(ITALPRESS).<\/div>\n<div id=\"div-gpt-ad-Messinaoggi.it-DSK-300x250-corpoart\" style=\"text-align:center;margin:0 auto;\"><\/div><\/p><div id=\"videoincontent\" style=\"clear:both\";><\/div>","protected":false},"excerpt":{"rendered":"<p>ROMA (ITALPRESS) &#8211; E&#8217; un Patto della dirigenza per l&#8217;Italia, quello delineato dal presidente di Federmanager Stefano Cuzzilla a Roma, di fronte a oltre 600 tra dirigenti d&#8217;impresa e rappresentanti delle istituzioni, per costruire una crescita economica robusta e duratura, basata su occupazione, inclusivit\u00e0, welfare, transizione ecologica e trasformazione digitale.Oltre al presidente Cuzzilla, l&#8217;Assemblea annuale [&hellip;]<\/p>\n","protected":false},"author":18,"featured_media":86978,"comment_status":"closed","ping_status":"closed","sticky":false,"template":"","format":"standard","meta":{"ub_ctt_via":"","_mi_skip_tracking":false},"categories":[446],"tags":[783],"featured_image_src":"https:\/\/www.messinaoggi.it\/website\/wp-content\/uploads\/2021\/11\/20211112_0650.jpg","author_info":{"display_name":"Admin","author_link":"https:\/\/www.messinaoggi.it\/website\/author\/admin\/"},"digistream_id":0,"digistream":false,"_links":{"self":[{"href":"https:\/\/www.messinaoggi.it\/website\/wp-json\/wp\/v2\/posts\/86977"}],"collection":[{"href":"https:\/\/www.messinaoggi.it\/website\/wp-json\/wp\/v2\/posts"}],"about":[{"href":"https:\/\/www.messinaoggi.it\/website\/wp-json\/wp\/v2\/types\/post"}],"author":[{"embeddable":true,"href":"https:\/\/www.messinaoggi.it\/website\/wp-json\/wp\/v2\/users\/18"}],"replies":[{"embeddable":true,"href":"https:\/\/www.messinaoggi.it\/website\/wp-json\/wp\/v2\/comments?post=86977"}],"version-history":[{"count":0,"href":"https:\/\/www.messinaoggi.it\/website\/wp-json\/wp\/v2\/posts\/86977\/revisions"}],"wp:featuredmedia":[{"embeddable":true,"href":"https:\/\/www.messinaoggi.it\/website\/wp-json\/wp\/v2\/media\/86978"}],"wp:attachment":[{"href":"https:\/\/www.messinaoggi.it\/website\/wp-json\/wp\/v2\/media?parent=86977"}],"wp:term":[{"taxonomy":"category","embeddable":true,"href":"https:\/\/www.messinaoggi.it\/website\/wp-json\/wp\/v2\/categories?post=86977"},{"taxonomy":"post_tag","embeddable":true,"href":"https:\/\/www.messinaoggi.it\/website\/wp-json\/wp\/v2\/tags?post=86977"}],"curies":[{"name":"wp","href":"https:\/\/api.w.org\/{rel}","templated":true}]}}