{"id":86963,"date":"2021-11-12T11:07:38","date_gmt":"2021-11-12T10:07:38","guid":{"rendered":"https:\/\/www.messinaoggi.it\/website\/2021\/11\/12\/vaccino-speranza-correre-con-la-terza-dose\/"},"modified":"2021-11-12T11:07:38","modified_gmt":"2021-11-12T10:07:38","slug":"vaccino-speranza-correre-con-la-terza-dose","status":"publish","type":"post","link":"https:\/\/www.messinaoggi.it\/website\/2021\/11\/12\/vaccino-speranza-correre-con-la-terza-dose\/","title":{"rendered":"Vaccino, Speranza \u201cCorrere con la terza dose\u201d"},"content":{"rendered":"<div>ROMA (ITALPRESS) &#8211; &#8220;Facciamo in fretta con il richiamo per fermare la quarta ondata&#8221;. Lo dice il ministro della Salute Roberto Speranza in un colloquio con la Repubblica, annunciando che &#8220;si partir\u00e0 prestissimo con l&#8217;obbligo di terza dose ai sanitari e chi lavora nelle Rsa&#8221;. IL ministro osserva come &#8220;l&#8217;incremento dei contagi \u00e8 oggettivo. Cosa fare? Diciamo che \u00e8 come rendersi conto che l&#8217;acqua sta salendo. Noi non abbiamo tempo da perdere. Dobbiamo giocare d&#8217;anticipo, come ci ha insegnato questo virus che va veloce&#8221;. Poi, aggiunge: &#8220;Siamo preoccupati, lo \u00e8 l&#8217;Oms Europa e gli altri Paesi europei. Guardiamo a chi ci \u00e8 vicino, all&#8217;Austria che \u00e8 l\u00ec, a un passo, coi suoi nove milioni di abitanti e 12 mila casi al giorno: \u00e8 come se da noi fossero 75 mila. In Italia un incremento \u00e8 gi\u00e0 in corso e nelle prossime settimane \u00e8 realistico che continui a crescere&#8221;.<br \/>(ITALPRESS).<\/div>\n<div id=\"div-gpt-ad-Messinaoggi.it-DSK-300x250-corpoart\" style=\"text-align:center;margin:0 auto;\"><\/div><\/p><div id=\"videoincontent\" style=\"clear:both\";><\/div>","protected":false},"excerpt":{"rendered":"<p>ROMA (ITALPRESS) &#8211; &#8220;Facciamo in fretta con il richiamo per fermare la quarta ondata&#8221;. Lo dice il ministro della Salute Roberto Speranza in un colloquio con la Repubblica, annunciando che &#8220;si partir\u00e0 prestissimo con l&#8217;obbligo di terza dose ai sanitari e chi lavora nelle Rsa&#8221;. IL ministro osserva come &#8220;l&#8217;incremento dei contagi \u00e8 oggettivo. Cosa [&hellip;]<\/p>\n","protected":false},"author":18,"featured_media":86964,"comment_status":"closed","ping_status":"closed","sticky":false,"template":"","format":"standard","meta":{"ub_ctt_via":"","_mi_skip_tracking":false},"categories":[446],"tags":[783],"featured_image_src":"https:\/\/www.messinaoggi.it\/website\/wp-content\/uploads\/2021\/11\/20211112_0166.jpg","author_info":{"display_name":"Admin","author_link":"https:\/\/www.messinaoggi.it\/website\/author\/admin\/"},"digistream_id":0,"digistream":false,"_links":{"self":[{"href":"https:\/\/www.messinaoggi.it\/website\/wp-json\/wp\/v2\/posts\/86963"}],"collection":[{"href":"https:\/\/www.messinaoggi.it\/website\/wp-json\/wp\/v2\/posts"}],"about":[{"href":"https:\/\/www.messinaoggi.it\/website\/wp-json\/wp\/v2\/types\/post"}],"author":[{"embeddable":true,"href":"https:\/\/www.messinaoggi.it\/website\/wp-json\/wp\/v2\/users\/18"}],"replies":[{"embeddable":true,"href":"https:\/\/www.messinaoggi.it\/website\/wp-json\/wp\/v2\/comments?post=86963"}],"version-history":[{"count":0,"href":"https:\/\/www.messinaoggi.it\/website\/wp-json\/wp\/v2\/posts\/86963\/revisions"}],"wp:featuredmedia":[{"embeddable":true,"href":"https:\/\/www.messinaoggi.it\/website\/wp-json\/wp\/v2\/media\/86964"}],"wp:attachment":[{"href":"https:\/\/www.messinaoggi.it\/website\/wp-json\/wp\/v2\/media?parent=86963"}],"wp:term":[{"taxonomy":"category","embeddable":true,"href":"https:\/\/www.messinaoggi.it\/website\/wp-json\/wp\/v2\/categories?post=86963"},{"taxonomy":"post_tag","embeddable":true,"href":"https:\/\/www.messinaoggi.it\/website\/wp-json\/wp\/v2\/tags?post=86963"}],"curies":[{"name":"wp","href":"https:\/\/api.w.org\/{rel}","templated":true}]}}