{"id":86955,"date":"2021-11-12T10:02:32","date_gmt":"2021-11-12T09:02:32","guid":{"rendered":"https:\/\/www.messinaoggi.it\/website\/2021\/11\/12\/a-mazara-del-vallo-la-giornata-mondiale-della-pesca-i-pescatori-sequestrati-incontreranno-il-papa\/"},"modified":"2021-11-12T10:02:32","modified_gmt":"2021-11-12T09:02:32","slug":"a-mazara-del-vallo-la-giornata-mondiale-della-pesca-i-pescatori-sequestrati-incontreranno-il-papa","status":"publish","type":"post","link":"https:\/\/www.messinaoggi.it\/website\/2021\/11\/12\/a-mazara-del-vallo-la-giornata-mondiale-della-pesca-i-pescatori-sequestrati-incontreranno-il-papa\/","title":{"rendered":"A Mazara del Vallo la Giornata Mondiale della Pesca. I pescatori sequestrati incontreranno il Papa"},"content":{"rendered":"<div>\n<p>TRAPANI (ITALPRESS) \u2013 La Conferenza Episcopale Italiana ha scelto Mazara del Vallo per celebrare quest\u2019anno la Giornata mondiale della pesca, organizzata per sottolineare l\u2019importanza di questo settore del lavoro marittimo, che fornisce una fonte di occupazione a circa 59,5 milioni di persone nel mondo. Per il 2021 i Vescovi italiani, tramite l\u2019Apostolato del mare, hanno deciso di celebrare la Giornata nella citt\u00e0 che conta una delle marinerie pi\u00f9 grandi d\u2019Italia: oggi i pescherecci che praticano la pesca d\u2019altura sono poco meno di 100 ma c\u2019\u00e8 anche una piccola flotta che pratica la pesca sotto costa. La Giornata si celebrer\u00e0 domenica 21 novembre ma a Mazara del Vallo le iniziative inizieranno gi\u00e0 sabato 20. L\u2019Apostolato del mare e la Diocesi di Mazara del Vallo hanno chiamato a raccolta rappresentanti delle istituzioni e tecnici del settore che in delegazione ufficiale, durante la mattinata di sabato 20, incontreranno un equipaggio di pescherecci al porto nuovo e poi visiteranno due aziende di trasformazione e commercializzazione del pesce a Mazara del Vallo. Alla delegazione gli studenti dell\u2019indirizzo alberghiero dell\u2019Istituto \u201cFrancesco Ferrara\u201d serviranno il pranzo. Alle 16,30 di sabato 20, presso l\u2019aula magna del Seminario vescovile, si terr\u00e0, invece, il convegno sul tema \u201cLa pesca, un patrimonio da salvaguardare\u201d.<br \/>\nDopo i saluti del Vescovo monsignor Domenico Mogavero e del sindaco Salvatore Quinci, interverranno: don Bruno Bignami (Direttore dell\u2019Ufficio per i problemi sociali e il lavoro della Cei), Franco Andaloro (Stazione \u201cAnton Dohrn\u201d di Napoli), Francesca Biondo (Direttore generale Federpesca), Enrica Mammucari (Segretario generale Uila Pesca), Patrizio Giorni (Segretario nazionale Fai Cisl) e Antonio Russo (Segretario generale Flai-Cgil Sicilia). Modera il giornalista Franco Nuccio. Domenica 21, alle ore 11, presso la Casa del pescatore, in via Luigi Vaccara, si terr\u00e0 un talk-show con le testimonianze di ex comandanti e pescatori e con l\u2019esposizione anche di reti e arnesi da lavoro. Alle 19, presso la chiesa di San Francesco d\u2019Assisi, sar\u00e0 celebrata la santa messa trasmessa in diretta su Tv2000.<br \/>\nI pescatori di Mazara del Vallo che da settembre a dicembre dello scorso anno sono rimasti per 108 giorni prigionieri in Libia a dicembre incontreranno Papa Francesco. \u00c8 stato il Vescovo monsignor Domenico Mogavero a comunicarlo ai familiari durante un incontro avvenuto al palazzo vescovile. \u201cAl momento non \u00e8 stata ancora resa ufficiale la data dell\u2019incontro che avverr\u00e0 a Roma\u201d ha detto Mogavero. I 18 pescatori (8 italiani, 6 tunisini, 2 indonesiani e 2 senegalesi) dei pescherecci \u201cMedinea\u201d e \u201cAntartide\u201d furono sequestrati, mentre si trovavano nelle acque internazionali del mare Mediterraneo, dalle milizie di Haftar e rinchiusi nelle carceri libiche per 108 giorni. La liberazione venerd\u00ec 17 dicembre 2020 e poi il rientro a Mazara del Vallo domenica 20.<div id=\"div-gpt-ad-Messinaoggi.it-DSK-300x250-corpoart\" style=\"text-align:center;margin:0 auto;\"><\/div><\/p>\n<p>(ITALPRESS).<div id=\"videoincontent\" style=\"clear:both\";><\/div><\/p>\n<\/div>\n","protected":false},"excerpt":{"rendered":"<p>TRAPANI (ITALPRESS) \u2013 La Conferenza Episcopale Italiana ha scelto Mazara del Vallo per celebrare quest\u2019anno la Giornata mondiale della pesca, organizzata per sottolineare l\u2019importanza di questo settore del lavoro marittimo, che fornisce una fonte di occupazione a circa 59,5 milioni di persone nel mondo. Per il 2021 i Vescovi italiani, tramite l\u2019Apostolato del mare, hanno [&hellip;]<\/p>\n","protected":false},"author":18,"featured_media":86956,"comment_status":"closed","ping_status":"closed","sticky":false,"template":"","format":"standard","meta":{"ub_ctt_via":"","_mi_skip_tracking":false},"categories":[2449],"tags":[783],"featured_image_src":"https:\/\/www.messinaoggi.it\/website\/wp-content\/uploads\/2021\/11\/mazara.jpg","author_info":{"display_name":"Admin","author_link":"https:\/\/www.messinaoggi.it\/website\/author\/admin\/"},"digistream_id":0,"digistream":false,"_links":{"self":[{"href":"https:\/\/www.messinaoggi.it\/website\/wp-json\/wp\/v2\/posts\/86955"}],"collection":[{"href":"https:\/\/www.messinaoggi.it\/website\/wp-json\/wp\/v2\/posts"}],"about":[{"href":"https:\/\/www.messinaoggi.it\/website\/wp-json\/wp\/v2\/types\/post"}],"author":[{"embeddable":true,"href":"https:\/\/www.messinaoggi.it\/website\/wp-json\/wp\/v2\/users\/18"}],"replies":[{"embeddable":true,"href":"https:\/\/www.messinaoggi.it\/website\/wp-json\/wp\/v2\/comments?post=86955"}],"version-history":[{"count":0,"href":"https:\/\/www.messinaoggi.it\/website\/wp-json\/wp\/v2\/posts\/86955\/revisions"}],"wp:featuredmedia":[{"embeddable":true,"href":"https:\/\/www.messinaoggi.it\/website\/wp-json\/wp\/v2\/media\/86956"}],"wp:attachment":[{"href":"https:\/\/www.messinaoggi.it\/website\/wp-json\/wp\/v2\/media?parent=86955"}],"wp:term":[{"taxonomy":"category","embeddable":true,"href":"https:\/\/www.messinaoggi.it\/website\/wp-json\/wp\/v2\/categories?post=86955"},{"taxonomy":"post_tag","embeddable":true,"href":"https:\/\/www.messinaoggi.it\/website\/wp-json\/wp\/v2\/tags?post=86955"}],"curies":[{"name":"wp","href":"https:\/\/api.w.org\/{rel}","templated":true}]}}