{"id":8694,"date":"2017-09-29T17:17:18","date_gmt":"2017-09-29T15:17:18","guid":{"rendered":"http:\/\/www.messinaoggi.it\/website\/?p=8694"},"modified":"2017-09-29T17:17:18","modified_gmt":"2017-09-29T15:17:18","slug":"dottoressa-violentata-colpa-delle-istituzioni","status":"publish","type":"post","link":"https:\/\/www.messinaoggi.it\/website\/2017\/09\/29\/dottoressa-violentata-colpa-delle-istituzioni\/","title":{"rendered":"Dottoressa violentata: &quot;Colpa delle istituzioni&quot;"},"content":{"rendered":"<p>&#8220;La solidariet\u00e0 espressa dai colleghi \u00e8 la pi\u00f9 sincera che ci possa essere, perch\u00e9 siete consapevoli che tutti sareste potuti essere al mio posto. Nessuno sconto, invece, per le Istituzioni, a cui solo una cosa posso dire: io sono stata violentata anche da voi&#8221;. Sono parole forti quelle della dottoressa aggredita in guardia medica a Trecastagni, pronunciate questa mattina di fronte ai 106 presidenti degli Ordini dei Medici, riuniti nel Consiglio della Fnomceo, e ai 106 presidenti delle Commissioni Albo odontoiatri, in assemblea plenaria a Giardini Naxos (Messina). &#8220;Quella della sicurezza \u00e8 solo la punta dell&#8217;iceberg &#8211; sottolinea &#8211; Noi medici abbiamo perso la dignit\u00e0. La nostra professione si \u00e8 snaturata, \u00e8 diventata una cosa che non \u00e8 pi\u00f9 essere medico, \u00e8 soffocata dall&#8217;affanno di evitare le denunce, di seguire pedissequamente i protocolli. Sfugge un concetto fondamentale: noi dobbiamo curare le persone&#8221;. &#8220;Ho intrapreso questa strada per passione&#8221;, aggiunge. E racconta: &#8220;Anche la scelta di fare la guardia medica non \u00e8 stata un ripiego, ma una decisione consapevole proprio perch\u00e9 volevo essere in prima linea, vicina alle persone che soffrono&#8221;. Per la dottoressa, &#8220;le istituzioni non hanno semplicemente lasciato sola me, mettendomi in pericolo e poi umiliandomi quando la mia aggressione \u00e8 stata derubricata a infortunio sul lavoro. Il sistema rischia di travolgere la nostra intera professione. Siamo tutti vittime: a questo gli Ordini devono opporsi&#8221;.<div id=\"div-gpt-ad-Messinaoggi.it-DSK-300x250-corpoart\" style=\"text-align:center;margin:0 auto;\"><\/div><\/p>\n<div id=\"videoincontent\" style=\"clear:both\";><\/div>","protected":false},"excerpt":{"rendered":"<p>&#8220;La solidariet\u00e0 espressa dai colleghi \u00e8 la pi\u00f9 sincera che ci possa essere, perch\u00e9 siete consapevoli che tutti sareste potuti essere al mio posto. Nessuno sconto, invece, per le Istituzioni, a cui solo una cosa posso dire: io sono stata violentata anche da voi&#8221;. Sono parole forti quelle della dottoressa aggredita in guardia medica a [&hellip;]<\/p>\n","protected":false},"author":2,"featured_media":2875,"comment_status":"closed","ping_status":"open","sticky":false,"template":"","format":"standard","meta":{"ub_ctt_via":"","_mi_skip_tracking":false},"categories":[11],"tags":[],"featured_image_src":"https:\/\/www.messinaoggi.it\/website\/wp-content\/uploads\/2017\/06\/sanita-2.jpg","author_info":{"display_name":"Redazione","author_link":"https:\/\/www.messinaoggi.it\/website\/author\/redazione\/"},"digistream_id":0,"digistream":false,"_links":{"self":[{"href":"https:\/\/www.messinaoggi.it\/website\/wp-json\/wp\/v2\/posts\/8694"}],"collection":[{"href":"https:\/\/www.messinaoggi.it\/website\/wp-json\/wp\/v2\/posts"}],"about":[{"href":"https:\/\/www.messinaoggi.it\/website\/wp-json\/wp\/v2\/types\/post"}],"author":[{"embeddable":true,"href":"https:\/\/www.messinaoggi.it\/website\/wp-json\/wp\/v2\/users\/2"}],"replies":[{"embeddable":true,"href":"https:\/\/www.messinaoggi.it\/website\/wp-json\/wp\/v2\/comments?post=8694"}],"version-history":[{"count":0,"href":"https:\/\/www.messinaoggi.it\/website\/wp-json\/wp\/v2\/posts\/8694\/revisions"}],"wp:featuredmedia":[{"embeddable":true,"href":"https:\/\/www.messinaoggi.it\/website\/wp-json\/wp\/v2\/media\/2875"}],"wp:attachment":[{"href":"https:\/\/www.messinaoggi.it\/website\/wp-json\/wp\/v2\/media?parent=8694"}],"wp:term":[{"taxonomy":"category","embeddable":true,"href":"https:\/\/www.messinaoggi.it\/website\/wp-json\/wp\/v2\/categories?post=8694"},{"taxonomy":"post_tag","embeddable":true,"href":"https:\/\/www.messinaoggi.it\/website\/wp-json\/wp\/v2\/tags?post=8694"}],"curies":[{"name":"wp","href":"https:\/\/api.w.org\/{rel}","templated":true}]}}