{"id":86893,"date":"2021-11-11T17:07:33","date_gmt":"2021-11-11T16:07:33","guid":{"rendered":"https:\/\/www.messinaoggi.it\/website\/2021\/11\/11\/a-cremona-la-festa-del-torrone-sulle-note-di-mina\/"},"modified":"2021-11-11T17:07:33","modified_gmt":"2021-11-11T16:07:33","slug":"a-cremona-la-festa-del-torrone-sulle-note-di-mina","status":"publish","type":"post","link":"https:\/\/www.messinaoggi.it\/website\/2021\/11\/11\/a-cremona-la-festa-del-torrone-sulle-note-di-mina\/","title":{"rendered":"A Cremona la Festa del torrone sulle note di Mina"},"content":{"rendered":"<div>CREMONA (ITALPRESS) &#8211; Un omaggio alla grande Mina, interprete ineguagliabile della musica italiana, amata e conosciuta a livello internazionale. La Festa del Torrone, appuntamento imperdibile non solo per le sue peculiarit\u00e0 gastronomiche, con prodotti da tutta Italia, quest&#8217;anno si addolcisce ancora di pi\u00f9, grazie al repertorio dell&#8217;artista.<br \/>L&#8217;omaggio interesser\u00e0 in particolar modo via Mercatello e via Solferino. Qui si potr\u00e0 passeggiare alzando il volto verso il cielo che sar\u00e0 illuminato dalle parole di due canzoni simbolo di Mina: &#8220;Amor Mio&#8221; che quest&#8217;anno compie 50 anni e &#8220;Vorrei che fosse amore&#8221;. Le canzoni sono state riprodotte grazie a &#8220;luminarie parlanti&#8221;, che resteranno accese nelle due vie fino a primavera inoltrata.<br \/>Una volta terminata l&#8217;iniziativa, le strofe delle luminarie verranno battute all&#8217;asta e il ricavato verr\u00e0 devoluto a Occhi Azzurri Onlus, come contributo concreto nella realizzazione di un centro per bambini con diversa abilit\u00e0.<br \/>L&#8217;idea \u00e8 nata grazie alla sinergia tra SGP Grandi Eventi, che organizza la Festa del Torrone, Confcommercio Cremona, le Botteghe del Centro di Cremona, l&#8217;Amministrazione Comunale, DUC, Pro Cremona, Seven Ars di Tiziano Corbelli e la Onlus Occhi azzurri. <br \/>&#8220;Siamo contenti di far parte di questo progetto &#8211; spiega Stefano Pelliciardi, di SGP Grandi Eventi &#8211; non potevamo non celebrare una cantante internazionale come Mina nella sua citt\u00e0. Orgogliosi che il progetto sia vivibile a pieno durante i giorni della Festa del Torrone, dal 13 al 21 novembre. Forte il connubio tra le Opere luminescenti, le vetrofanie a tema e una coinvolgente filodiffusione, per vivere una vera e intensa immersione nei brani di Mina che andranno a valorizzare l&#8217;importante viaggio enogastronomico della Festa del Torrone&#8221;.<br \/>(ITALPRESS).<\/div>\n<div id=\"div-gpt-ad-Messinaoggi.it-DSK-300x250-corpoart\" style=\"text-align:center;margin:0 auto;\"><\/div><\/p><div id=\"videoincontent\" style=\"clear:both\";><\/div>","protected":false},"excerpt":{"rendered":"<p>CREMONA (ITALPRESS) &#8211; Un omaggio alla grande Mina, interprete ineguagliabile della musica italiana, amata e conosciuta a livello internazionale. La Festa del Torrone, appuntamento imperdibile non solo per le sue peculiarit\u00e0 gastronomiche, con prodotti da tutta Italia, quest&#8217;anno si addolcisce ancora di pi\u00f9, grazie al repertorio dell&#8217;artista.L&#8217;omaggio interesser\u00e0 in particolar modo via Mercatello e via [&hellip;]<\/p>\n","protected":false},"author":18,"featured_media":86894,"comment_status":"closed","ping_status":"closed","sticky":false,"template":"","format":"standard","meta":{"ub_ctt_via":"","_mi_skip_tracking":false},"categories":[446],"tags":[783],"featured_image_src":"https:\/\/www.messinaoggi.it\/website\/wp-content\/uploads\/2021\/11\/20211111_1942.jpg","author_info":{"display_name":"Admin","author_link":"https:\/\/www.messinaoggi.it\/website\/author\/admin\/"},"digistream_id":0,"digistream":false,"_links":{"self":[{"href":"https:\/\/www.messinaoggi.it\/website\/wp-json\/wp\/v2\/posts\/86893"}],"collection":[{"href":"https:\/\/www.messinaoggi.it\/website\/wp-json\/wp\/v2\/posts"}],"about":[{"href":"https:\/\/www.messinaoggi.it\/website\/wp-json\/wp\/v2\/types\/post"}],"author":[{"embeddable":true,"href":"https:\/\/www.messinaoggi.it\/website\/wp-json\/wp\/v2\/users\/18"}],"replies":[{"embeddable":true,"href":"https:\/\/www.messinaoggi.it\/website\/wp-json\/wp\/v2\/comments?post=86893"}],"version-history":[{"count":0,"href":"https:\/\/www.messinaoggi.it\/website\/wp-json\/wp\/v2\/posts\/86893\/revisions"}],"wp:featuredmedia":[{"embeddable":true,"href":"https:\/\/www.messinaoggi.it\/website\/wp-json\/wp\/v2\/media\/86894"}],"wp:attachment":[{"href":"https:\/\/www.messinaoggi.it\/website\/wp-json\/wp\/v2\/media?parent=86893"}],"wp:term":[{"taxonomy":"category","embeddable":true,"href":"https:\/\/www.messinaoggi.it\/website\/wp-json\/wp\/v2\/categories?post=86893"},{"taxonomy":"post_tag","embeddable":true,"href":"https:\/\/www.messinaoggi.it\/website\/wp-json\/wp\/v2\/tags?post=86893"}],"curies":[{"name":"wp","href":"https:\/\/api.w.org\/{rel}","templated":true}]}}