{"id":86830,"date":"2021-11-11T10:18:21","date_gmt":"2021-11-11T09:18:21","guid":{"rendered":"http:\/\/www.messinaoggi.it\/website\/?p=86830"},"modified":"2021-11-11T10:18:22","modified_gmt":"2021-11-11T09:18:22","slug":"incidente-via-del-vespro-indagato-il-motociclista","status":"publish","type":"post","link":"https:\/\/www.messinaoggi.it\/website\/2021\/11\/11\/incidente-via-del-vespro-indagato-il-motociclista\/","title":{"rendered":"Incidente via del Vespro, indagato il motociclista"},"content":{"rendered":"\n<p>E&#8217; formalmente indagato il conducente della moto che si \u00e8 scontrata con lo scooter condotto da Olga Cancelleieri, l&#8217;avvocato di 46 anni morto a seguito dell&#8217;incidente di ieri sera.<div id=\"div-gpt-ad-Messinaoggi.it-DSK-300x250-corpoart\" style=\"text-align:center;margin:0 auto;\"><\/div><\/p>\n\n\n\n<p>La Procura di Messina ha aperto un&#8217;inchiesta che vede indagato  &#8211; si tratta di un atto dovuto &#8211; il giovane che conduceva la moto Ducati che si \u00e8 scontrata con lo scooter condotto dalla donna.<div id=\"videoincontent\" style=\"clear:both\";><\/div><\/p>\n\n\n\n<p>Non \u00e8 escluso tuttavia che la Procura voglia vederci chiaro sulla tempestivit\u00e0 dei soccorsi, giunti sul posto &#8211; secondo alcuni testimoni &#8211; con ritardo. A quanto pare la prima ambulanza era priva del medico. Un particolare che \u00e8 al vaglio degli inquirenti.<\/p>\n\n\n\n<p>Intanto, sulla dinamica dell&#8217;incidente stanno tentando di fare piena luce gli agenti della polizia municipale, intervenuti ieri sera per capire se vi siano eventuali responsabilit\u00e0 Si \u00e8 detto che il motociclista sfrecciasse a velocit\u00e0, ma questo \u00e8 un dettaglio di non poco conto tutto da verificare.<\/p>\n","protected":false},"excerpt":{"rendered":"<p>E&#8217; formalmente indagato il conducente della moto che si \u00e8 scontrata con lo scooter condotto da Olga Cancelleieri, l&#8217;avvocato di 46 anni morto a seguito dell&#8217;incidente di ieri sera. La Procura di Messina ha aperto un&#8217;inchiesta che vede indagato &#8211; si tratta di un atto dovuto &#8211; il giovane che conduceva la moto Ducati che [&hellip;]<\/p>\n","protected":false},"author":2,"featured_media":86789,"comment_status":"open","ping_status":"open","sticky":false,"template":"","format":"standard","meta":{"ub_ctt_via":"","_mi_skip_tracking":false},"categories":[19],"tags":[1119,3452,890,3448],"featured_image_src":"https:\/\/www.messinaoggi.it\/website\/wp-content\/uploads\/2021\/11\/EF24BA9E-3D8D-4FAB-A19E-A12A53076CF2.jpeg","author_info":{"display_name":"Redazione","author_link":"https:\/\/www.messinaoggi.it\/website\/author\/redazione\/"},"digistream_id":0,"digistream":false,"_links":{"self":[{"href":"https:\/\/www.messinaoggi.it\/website\/wp-json\/wp\/v2\/posts\/86830"}],"collection":[{"href":"https:\/\/www.messinaoggi.it\/website\/wp-json\/wp\/v2\/posts"}],"about":[{"href":"https:\/\/www.messinaoggi.it\/website\/wp-json\/wp\/v2\/types\/post"}],"author":[{"embeddable":true,"href":"https:\/\/www.messinaoggi.it\/website\/wp-json\/wp\/v2\/users\/2"}],"replies":[{"embeddable":true,"href":"https:\/\/www.messinaoggi.it\/website\/wp-json\/wp\/v2\/comments?post=86830"}],"version-history":[{"count":1,"href":"https:\/\/www.messinaoggi.it\/website\/wp-json\/wp\/v2\/posts\/86830\/revisions"}],"predecessor-version":[{"id":86832,"href":"https:\/\/www.messinaoggi.it\/website\/wp-json\/wp\/v2\/posts\/86830\/revisions\/86832"}],"wp:featuredmedia":[{"embeddable":true,"href":"https:\/\/www.messinaoggi.it\/website\/wp-json\/wp\/v2\/media\/86789"}],"wp:attachment":[{"href":"https:\/\/www.messinaoggi.it\/website\/wp-json\/wp\/v2\/media?parent=86830"}],"wp:term":[{"taxonomy":"category","embeddable":true,"href":"https:\/\/www.messinaoggi.it\/website\/wp-json\/wp\/v2\/categories?post=86830"},{"taxonomy":"post_tag","embeddable":true,"href":"https:\/\/www.messinaoggi.it\/website\/wp-json\/wp\/v2\/tags?post=86830"}],"curies":[{"name":"wp","href":"https:\/\/api.w.org\/{rel}","templated":true}]}}