{"id":86788,"date":"2021-11-10T21:55:58","date_gmt":"2021-11-10T20:55:58","guid":{"rendered":"http:\/\/www.messinaoggi.it\/website\/?p=86788"},"modified":"2021-11-11T10:30:26","modified_gmt":"2021-11-11T09:30:26","slug":"scontro-in-pieno-centro-muore-una-donna","status":"publish","type":"post","link":"https:\/\/www.messinaoggi.it\/website\/2021\/11\/10\/scontro-in-pieno-centro-muore-una-donna\/","title":{"rendered":"Scontro in pieno centro, muore avvocato"},"content":{"rendered":"\n<p>Incidente mortale questa sera in via del Vespro. Scontro terribile fra una moto e una scooter condotto da una donna, morta sul colpo. Il motociclista \u00e8 finito in ospedale ma non sarebbe in pericolo di vita.<div id=\"div-gpt-ad-Messinaoggi.it-DSK-300x250-corpoart\" style=\"text-align:center;margin:0 auto;\"><\/div><\/p>\n\n\n\n<p>Alla base dello scontro una mancata precedenza, cos\u00ec come accertato dagli agenti della polizia municipale.<div id=\"videoincontent\" style=\"clear:both\";><\/div><\/p>\n\n\n\n<figure class=\"wp-block-image size-large\"><img loading=\"lazy\" width=\"600\" height=\"575\" src=\"http:\/\/www.messinaoggi.it\/website\/wp-content\/uploads\/2021\/11\/9CA691FE-CE00-436E-A543-BAC6E3E54054.jpeg\" alt=\"\" class=\"wp-image-86808\" srcset=\"https:\/\/www.messinaoggi.it\/website\/wp-content\/uploads\/2021\/11\/9CA691FE-CE00-436E-A543-BAC6E3E54054.jpeg 600w, https:\/\/www.messinaoggi.it\/website\/wp-content\/uploads\/2021\/11\/9CA691FE-CE00-436E-A543-BAC6E3E54054-300x288.jpeg 300w\" sizes=\"(max-width: 600px) 100vw, 600px\" \/><figcaption><strong><em>Olga Cancellieri, la vittima dell\u2019incidente<\/em><\/strong><\/figcaption><\/figure>\n\n\n\n<p>A perdere la vita un avvocato messinese di 46 anni, Olga Cancellieri. Professionista stimata \u00e8 attiva nel mondo della politica cittadina. La vittima in passato \u00e8 stata anche candidata al Consiglio circoscrizionale nelle fila del Pd. Aveva due figli in tenera et\u00e0. I familiari sono stati informati della disgrazia a tarda ora.<\/p>\n\n\n\n<p>Alcuni testimoni avrebbero riferito che la motocicletta viaggiava a velocit\u00e0 sostenuta e che avrebbe centrato in pieno lo scooter condotto dalla donna. Ma questo lo stabiliranno le indagini della Municipale. La Procura di Messina ha aperto un\u2019inchiesta e non \u00e8 escluso che il conducente della motocicletta venga iscritto nel registro degli indagati con l\u2019accusa di omicidio colposo.<\/p>\n","protected":false},"excerpt":{"rendered":"<p>Incidente mortale questa sera in via del Vespro. Scontro terribile fra una moto e una scooter condotto da una donna, morta sul colpo. Il motociclista \u00e8 finito in ospedale ma non sarebbe in pericolo di vita. Alla base dello scontro una mancata precedenza, cos\u00ec come accertato dagli agenti della polizia municipale. A perdere la vita [&hellip;]<\/p>\n","protected":false},"author":2,"featured_media":86789,"comment_status":"open","ping_status":"open","sticky":false,"template":"","format":"standard","meta":{"ub_ctt_via":"","_mi_skip_tracking":false},"categories":[5,19],"tags":[1119,2936,3448],"featured_image_src":"https:\/\/www.messinaoggi.it\/website\/wp-content\/uploads\/2021\/11\/EF24BA9E-3D8D-4FAB-A19E-A12A53076CF2.jpeg","author_info":{"display_name":"Redazione","author_link":"https:\/\/www.messinaoggi.it\/website\/author\/redazione\/"},"digistream_id":0,"digistream":false,"_links":{"self":[{"href":"https:\/\/www.messinaoggi.it\/website\/wp-json\/wp\/v2\/posts\/86788"}],"collection":[{"href":"https:\/\/www.messinaoggi.it\/website\/wp-json\/wp\/v2\/posts"}],"about":[{"href":"https:\/\/www.messinaoggi.it\/website\/wp-json\/wp\/v2\/types\/post"}],"author":[{"embeddable":true,"href":"https:\/\/www.messinaoggi.it\/website\/wp-json\/wp\/v2\/users\/2"}],"replies":[{"embeddable":true,"href":"https:\/\/www.messinaoggi.it\/website\/wp-json\/wp\/v2\/comments?post=86788"}],"version-history":[{"count":8,"href":"https:\/\/www.messinaoggi.it\/website\/wp-json\/wp\/v2\/posts\/86788\/revisions"}],"predecessor-version":[{"id":86809,"href":"https:\/\/www.messinaoggi.it\/website\/wp-json\/wp\/v2\/posts\/86788\/revisions\/86809"}],"wp:featuredmedia":[{"embeddable":true,"href":"https:\/\/www.messinaoggi.it\/website\/wp-json\/wp\/v2\/media\/86789"}],"wp:attachment":[{"href":"https:\/\/www.messinaoggi.it\/website\/wp-json\/wp\/v2\/media?parent=86788"}],"wp:term":[{"taxonomy":"category","embeddable":true,"href":"https:\/\/www.messinaoggi.it\/website\/wp-json\/wp\/v2\/categories?post=86788"},{"taxonomy":"post_tag","embeddable":true,"href":"https:\/\/www.messinaoggi.it\/website\/wp-json\/wp\/v2\/tags?post=86788"}],"curies":[{"name":"wp","href":"https:\/\/api.w.org\/{rel}","templated":true}]}}