{"id":86766,"date":"2021-11-10T18:07:32","date_gmt":"2021-11-10T17:07:32","guid":{"rendered":"https:\/\/www.messinaoggi.it\/website\/2021\/11\/10\/mattarella-la-ripartenza-e-cominciata-pnrr-occasione-storica\/"},"modified":"2021-11-10T18:07:32","modified_gmt":"2021-11-10T17:07:32","slug":"mattarella-la-ripartenza-e-cominciata-pnrr-occasione-storica","status":"publish","type":"post","link":"https:\/\/www.messinaoggi.it\/website\/2021\/11\/10\/mattarella-la-ripartenza-e-cominciata-pnrr-occasione-storica\/","title":{"rendered":"Mattarella \u201cLa ripartenza \u00e8 cominciata, Pnrr occasione storica\u201d"},"content":{"rendered":"<div>ROMA (ITALPRESS) &#8211; &#8220;La preziosa campagna di vaccinazioni ci fa sentire avviati, pur nelle difficolt\u00e0 attuali, su un percorso di rilancio. La ripartenza \u00e8 cominciata. Registriamo un forte rimbalzo della nostra economia con una crescita stimata superiore alle previsioni, che qualche mese orsono la indicavano&#8221;. Lo ha detto il presidente della Repubblica, Sergio Mattarella, nel corso della cerimonia di consegna delle &#8220;Stelle al Merito del Lavoro&#8221; ai nuovi Maestri del Lavoro del 2020 e 2021, al Quirinale.<br \/>&#8220;Il Pnrr \u00e8 una storica occasione che determiner\u00e0 l&#8217;eredit\u00e0 che lasceremo ai giovani. Potremo raggiungere gli obiettivi sperati solo se sar\u00e0 visibile un impegno corale e una convergenza di fondo tra pubblico e privato, tra istituzioni e imprese. Il lavoro \u00e8 una componente essenziale della dignit\u00e0 di ciascuno &#8211; ha aggiunto il capo dello Stato -. Nel lavoro si esprimono la creativit\u00e0 delle donne e degli uomini e il loro contributo al bene comune. Il lavoro sar\u00e0 la misura del Pnrr: sappiamo che dobbiamo colmare alcuni deficit, come il lavoro femminile e l&#8217;occupazione giovanile che non possono che essere al centro del Pnrr stesso&#8221;.<br \/>(ITALPRESS).<\/div>\n<div id=\"div-gpt-ad-Messinaoggi.it-DSK-300x250-corpoart\" style=\"text-align:center;margin:0 auto;\"><\/div><\/p><div id=\"videoincontent\" style=\"clear:both\";><\/div>","protected":false},"excerpt":{"rendered":"<p>ROMA (ITALPRESS) &#8211; &#8220;La preziosa campagna di vaccinazioni ci fa sentire avviati, pur nelle difficolt\u00e0 attuali, su un percorso di rilancio. La ripartenza \u00e8 cominciata. Registriamo un forte rimbalzo della nostra economia con una crescita stimata superiore alle previsioni, che qualche mese orsono la indicavano&#8221;. Lo ha detto il presidente della Repubblica, Sergio Mattarella, nel [&hellip;]<\/p>\n","protected":false},"author":18,"featured_media":86767,"comment_status":"closed","ping_status":"closed","sticky":false,"template":"","format":"standard","meta":{"ub_ctt_via":"","_mi_skip_tracking":false},"categories":[446],"tags":[783],"featured_image_src":"https:\/\/www.messinaoggi.it\/website\/wp-content\/uploads\/2021\/11\/20211110_2032.jpg","author_info":{"display_name":"Admin","author_link":"https:\/\/www.messinaoggi.it\/website\/author\/admin\/"},"digistream_id":0,"digistream":false,"_links":{"self":[{"href":"https:\/\/www.messinaoggi.it\/website\/wp-json\/wp\/v2\/posts\/86766"}],"collection":[{"href":"https:\/\/www.messinaoggi.it\/website\/wp-json\/wp\/v2\/posts"}],"about":[{"href":"https:\/\/www.messinaoggi.it\/website\/wp-json\/wp\/v2\/types\/post"}],"author":[{"embeddable":true,"href":"https:\/\/www.messinaoggi.it\/website\/wp-json\/wp\/v2\/users\/18"}],"replies":[{"embeddable":true,"href":"https:\/\/www.messinaoggi.it\/website\/wp-json\/wp\/v2\/comments?post=86766"}],"version-history":[{"count":0,"href":"https:\/\/www.messinaoggi.it\/website\/wp-json\/wp\/v2\/posts\/86766\/revisions"}],"wp:featuredmedia":[{"embeddable":true,"href":"https:\/\/www.messinaoggi.it\/website\/wp-json\/wp\/v2\/media\/86767"}],"wp:attachment":[{"href":"https:\/\/www.messinaoggi.it\/website\/wp-json\/wp\/v2\/media?parent=86766"}],"wp:term":[{"taxonomy":"category","embeddable":true,"href":"https:\/\/www.messinaoggi.it\/website\/wp-json\/wp\/v2\/categories?post=86766"},{"taxonomy":"post_tag","embeddable":true,"href":"https:\/\/www.messinaoggi.it\/website\/wp-json\/wp\/v2\/tags?post=86766"}],"curies":[{"name":"wp","href":"https:\/\/api.w.org\/{rel}","templated":true}]}}