{"id":86728,"date":"2021-11-10T15:07:32","date_gmt":"2021-11-10T14:07:32","guid":{"rendered":"https:\/\/www.messinaoggi.it\/website\/2021\/11\/10\/covid-marsilio-le-regioni-sono-in-trincea-il-governo-le-ascolti\/"},"modified":"2021-11-10T15:07:32","modified_gmt":"2021-11-10T14:07:32","slug":"covid-marsilio-le-regioni-sono-in-trincea-il-governo-le-ascolti","status":"publish","type":"post","link":"https:\/\/www.messinaoggi.it\/website\/2021\/11\/10\/covid-marsilio-le-regioni-sono-in-trincea-il-governo-le-ascolti\/","title":{"rendered":"Covid, Marsilio \u201cLe Regioni sono in trincea, il Governo le ascolti\u201d"},"content":{"rendered":"<div>ROMA (ITALPRESS) &#8211; &#8220;In Abruzzo abbiamo iniziato i richiami per la terza dose. La situazione del Covid \u00e8 sotto controllo anche se registriamo un aumento dei casi, come prevedibile con il peggioramento delle condizioni climatiche. Ma sono dati non paragonabili a quelli dell&#8217;anno scorso quando non c&#8217;era il vaccino&#8221;. Lo dice il presidente della Regione Abruzzo, Marco Marsilio, in un&#8217;intervista a Claudio Brachino per la rubrica &#8220;Primo Piano&#8221; dell&#8217;agenzia Italpress. Il governatore, eletto il 23 febbraio 2019, invita a non abbassare la guardia sulla pandemia e fa un appello al Governo affinch\u00e8 reperisca gli 8 miliardi che mancano alle Regioni: &#8220;Non abbiamo avuto fondi per affrontare il Covid, continuiamo ad avere sul fondo del Servizio Sanitario Nazionale gli stessi soldi di prima ed \u00e8 impensabile. Nel 2021 le Regioni hanno conteggiato un totale di 8 miliardi di spesa aggiuntiva e ne sono stati trovati non pi\u00f9 di 3,5 miliardi. Ne servono subito altri 4,5. Serve pi\u00f9 dialogo tra Governo e chi \u00e8 in trincea come Regioni, Province e Comuni&#8221;. Il presidente Marsilio pensa a ricandidarsi per il secondo mandato. Sono tanti e importanti i progetti destinati a cambiare il volto dell&#8217;Abruzzo, a partire dalle infrastrutture: &#8220;Grazie ai fondi del PNRR, abbiamo un progetto per portare a 1 ora e 59 la tratta Roma-Pescara, altri 5 miliardi andranno a fare l&#8217;Alta Velocit\u00e0 sull&#8217;Adriatica. E metteremo in sicurezza l&#8217;A24 e l&#8217;A25, mentre con Autostrade per l&#8217;Italia stiamo discutendo della terza corsia per la costiera A14. Investiamo anche sul porto di Pescara e di Ortona. Per realizzare tutto penso a un secondo mandato&#8221;.<br \/>Sulla ricostruzione post terremoto spiega che in una certa fase sono state fatte scelte sbagliate, adesso per\u00f2 le cose sono cambiate: &#8220;C&#8217;\u00e8 una crescita molto importante di apertura dei cantieri e L&#8217;Aquila \u00e8 pi\u00f9 avanti, sta rinascendo, il centro storico \u00e8 stato riaperto e i palazzi ristrutturati&#8221;.<br \/>L&#8217;altro grande progetto riguarda le valli dell&#8217;idrogeno. L&#8217;Abruzzo ha vinto un bando europeo e si propone a essere leader per l&#8217;energia verde tra le regioni del centro Italia. &#8220;L&#8217;idrogeno \u00e8 un carburante che non ha impronta ambientale, rilascia vapore acqueo ed \u00e8 a zero emissioni, il problema \u00e8 che per produrlo si spende pi\u00f9 di quanto renda &#8211; spiega Marsilio -. Utilizzeremo l&#8217;idrogeno di scarto di una fabbrica chimica a Bussi che invece di andare disperso, viene stoccato. Lo stesso avviene altrove, anche alle acciaierie di Terni. Il progetto prevede tre valli: una in Abruzzo dove metteremo autobus a idrogeno al servizio del comprensorio dell&#8217;altopiano delle Rocche, a Terni invece l&#8217;idrogeno alimenter\u00e0 gli impianti del sistema urbano, mentre a Civitavecchia verr\u00e0 usato per tutta l&#8217;area interna aeroportuale&#8221;.<br \/>(ITALPRESS).<\/div>\n<div id=\"div-gpt-ad-Messinaoggi.it-DSK-300x250-corpoart\" style=\"text-align:center;margin:0 auto;\"><\/div><\/p><div id=\"videoincontent\" style=\"clear:both\";><\/div>","protected":false},"excerpt":{"rendered":"<p>ROMA (ITALPRESS) &#8211; &#8220;In Abruzzo abbiamo iniziato i richiami per la terza dose. La situazione del Covid \u00e8 sotto controllo anche se registriamo un aumento dei casi, come prevedibile con il peggioramento delle condizioni climatiche. Ma sono dati non paragonabili a quelli dell&#8217;anno scorso quando non c&#8217;era il vaccino&#8221;. Lo dice il presidente della Regione [&hellip;]<\/p>\n","protected":false},"author":18,"featured_media":86729,"comment_status":"closed","ping_status":"closed","sticky":false,"template":"","format":"standard","meta":{"ub_ctt_via":"","_mi_skip_tracking":false},"categories":[446],"tags":[783],"featured_image_src":"https:\/\/www.messinaoggi.it\/website\/wp-content\/uploads\/2021\/11\/20211110_0983.jpg","author_info":{"display_name":"Admin","author_link":"https:\/\/www.messinaoggi.it\/website\/author\/admin\/"},"digistream_id":0,"digistream":false,"_links":{"self":[{"href":"https:\/\/www.messinaoggi.it\/website\/wp-json\/wp\/v2\/posts\/86728"}],"collection":[{"href":"https:\/\/www.messinaoggi.it\/website\/wp-json\/wp\/v2\/posts"}],"about":[{"href":"https:\/\/www.messinaoggi.it\/website\/wp-json\/wp\/v2\/types\/post"}],"author":[{"embeddable":true,"href":"https:\/\/www.messinaoggi.it\/website\/wp-json\/wp\/v2\/users\/18"}],"replies":[{"embeddable":true,"href":"https:\/\/www.messinaoggi.it\/website\/wp-json\/wp\/v2\/comments?post=86728"}],"version-history":[{"count":0,"href":"https:\/\/www.messinaoggi.it\/website\/wp-json\/wp\/v2\/posts\/86728\/revisions"}],"wp:featuredmedia":[{"embeddable":true,"href":"https:\/\/www.messinaoggi.it\/website\/wp-json\/wp\/v2\/media\/86729"}],"wp:attachment":[{"href":"https:\/\/www.messinaoggi.it\/website\/wp-json\/wp\/v2\/media?parent=86728"}],"wp:term":[{"taxonomy":"category","embeddable":true,"href":"https:\/\/www.messinaoggi.it\/website\/wp-json\/wp\/v2\/categories?post=86728"},{"taxonomy":"post_tag","embeddable":true,"href":"https:\/\/www.messinaoggi.it\/website\/wp-json\/wp\/v2\/tags?post=86728"}],"curies":[{"name":"wp","href":"https:\/\/api.w.org\/{rel}","templated":true}]}}