{"id":86710,"date":"2021-11-10T13:07:32","date_gmt":"2021-11-10T12:07:32","guid":{"rendered":"https:\/\/www.messinaoggi.it\/website\/2021\/11\/10\/draghi-contrapporre-le-riforme-al-non-governo\/"},"modified":"2021-11-10T13:07:32","modified_gmt":"2021-11-10T12:07:32","slug":"draghi-contrapporre-le-riforme-al-non-governo","status":"publish","type":"post","link":"https:\/\/www.messinaoggi.it\/website\/2021\/11\/10\/draghi-contrapporre-le-riforme-al-non-governo\/","title":{"rendered":"Draghi \u201cContrapporre le riforme al non governo\u201d"},"content":{"rendered":"<div>ROMA (ITALPRESS) &#8211; &#8220;La Malfa ci ricorda l&#8217;importanza di una politica di programmazione, necessaria per uno &#8220;sviluppo equilibrato&#8221;. E ci invita ad affrontare le situazioni settoriali, regionali e sociali che non riescono a trarre &#8216;sufficiente beneficio dalla generale espansione del sistem\u00e0. La Malfa scriveva: &#8220;soltanto in una fase di grande dinamismo \u00e8 possibile attuare le necessarie modificazioni del meccanismo economico senza incontrare costi troppo elevati&#8221;&#8221;. Lo ha detto il presidente del Consiglio, Mario Draghi, intervenendo alla presentazione del portale &#8220;Ugo la Malfa &#8211; Scritti, discorsi, epistolario, multimedia&#8221;, alla presenza del presidente della Repubblica, Sergio Mattarella, e dei presidenti di Senato e Camera, Maria Alberti Casellati, e Roberto Fico.<br \/>&#8220;L&#8217;alternativa \u00e8 quella che La Malfa chiam\u00f2 successivamente il &#8220;non-governo&#8221;, una definizione fulminante, per sottolineare l&#8217;incapacit\u00e0 di affrontare i problemi, di dare continuit\u00e0 alla modernizzazione del Paese &#8211; ha aggiunto -. Al &#8220;non-governo&#8221; va contrapposto il coraggio delle riforme economiche e sociali. Un&#8217;azione paziente ma decisa, che eviti gli sterili drammi degli scontri ideologici, per dare all&#8217;Italia una prospettiva di sviluppo, coesione, convergenza&#8221;.<br \/>(ITALPRESS).<\/div>\n<div id=\"div-gpt-ad-Messinaoggi.it-DSK-300x250-corpoart\" style=\"text-align:center;margin:0 auto;\"><\/div><\/p><div id=\"videoincontent\" style=\"clear:both\";><\/div>","protected":false},"excerpt":{"rendered":"<p>ROMA (ITALPRESS) &#8211; &#8220;La Malfa ci ricorda l&#8217;importanza di una politica di programmazione, necessaria per uno &#8220;sviluppo equilibrato&#8221;. E ci invita ad affrontare le situazioni settoriali, regionali e sociali che non riescono a trarre &#8216;sufficiente beneficio dalla generale espansione del sistem\u00e0. La Malfa scriveva: &#8220;soltanto in una fase di grande dinamismo \u00e8 possibile attuare le [&hellip;]<\/p>\n","protected":false},"author":18,"featured_media":86711,"comment_status":"closed","ping_status":"closed","sticky":false,"template":"","format":"standard","meta":{"ub_ctt_via":"","_mi_skip_tracking":false},"categories":[446],"tags":[783],"featured_image_src":"https:\/\/www.messinaoggi.it\/website\/wp-content\/uploads\/2021\/11\/20211110_0443-768x526-1.jpg","author_info":{"display_name":"Admin","author_link":"https:\/\/www.messinaoggi.it\/website\/author\/admin\/"},"digistream_id":0,"digistream":false,"_links":{"self":[{"href":"https:\/\/www.messinaoggi.it\/website\/wp-json\/wp\/v2\/posts\/86710"}],"collection":[{"href":"https:\/\/www.messinaoggi.it\/website\/wp-json\/wp\/v2\/posts"}],"about":[{"href":"https:\/\/www.messinaoggi.it\/website\/wp-json\/wp\/v2\/types\/post"}],"author":[{"embeddable":true,"href":"https:\/\/www.messinaoggi.it\/website\/wp-json\/wp\/v2\/users\/18"}],"replies":[{"embeddable":true,"href":"https:\/\/www.messinaoggi.it\/website\/wp-json\/wp\/v2\/comments?post=86710"}],"version-history":[{"count":0,"href":"https:\/\/www.messinaoggi.it\/website\/wp-json\/wp\/v2\/posts\/86710\/revisions"}],"wp:featuredmedia":[{"embeddable":true,"href":"https:\/\/www.messinaoggi.it\/website\/wp-json\/wp\/v2\/media\/86711"}],"wp:attachment":[{"href":"https:\/\/www.messinaoggi.it\/website\/wp-json\/wp\/v2\/media?parent=86710"}],"wp:term":[{"taxonomy":"category","embeddable":true,"href":"https:\/\/www.messinaoggi.it\/website\/wp-json\/wp\/v2\/categories?post=86710"},{"taxonomy":"post_tag","embeddable":true,"href":"https:\/\/www.messinaoggi.it\/website\/wp-json\/wp\/v2\/tags?post=86710"}],"curies":[{"name":"wp","href":"https:\/\/api.w.org\/{rel}","templated":true}]}}