{"id":8670,"date":"2017-09-29T10:42:54","date_gmt":"2017-09-29T08:42:54","guid":{"rendered":"http:\/\/www.messinaoggi.it\/website\/?p=8670"},"modified":"2017-09-29T10:42:54","modified_gmt":"2017-09-29T08:42:54","slug":"van-gogh-multimedia-experience-boom-e-proroga-fino-al-15-ottobre","status":"publish","type":"post","link":"https:\/\/www.messinaoggi.it\/website\/2017\/09\/29\/van-gogh-multimedia-experience-boom-e-proroga-fino-al-15-ottobre\/","title":{"rendered":"&quot;Van Gogh multimedia experience&quot;, boom e proroga fino al 15 ottobre"},"content":{"rendered":"<p>Vista la grande partecipazione di pubblico ed il grande interesse da parte delle scuole, &#8220;Van Gogh multimedia experience&#8221;, rimarr\u00e0 aperta fino al 15 ottobre. Lo ha deciso l&#8217;organizzazione dell&#8217;evento multimediale in sinergia con il Comune di Taormina. Un appuntamento che sta registrando un successo importante, confermato dalla presenza di oltre 26mila visitatori. Si tratta della conferma della gradevolezza della mostra. Un omaggio all&#8217;artista olandese che ha rappresentato, inoltre, un buon viatico anche per il movimento complessivo della cittadina turistica.<br \/>\n&#8220;Si tratta &#8211; ha affermato l&#8217;assessore al Turismo, Salvo Cilona &#8211; di una iniziativa che, visto il movimento registrato, vale la pena di proseguire anche nel mese entrante&#8221;. In tanti si sono recati nella Perla dello Jonio proprio perch\u00e9 interessati all&#8217;evento. Per altre due settimane la mostra sar\u00e0 a disposizione di quanti vorranno raggiungere, Palazzo Corvaja, nelle cui sale antiche, \u00e8 stata allestita l&#8217;esposizione multimediale.<div id=\"div-gpt-ad-Messinaoggi.it-DSK-300x250-corpoart\" style=\"text-align:center;margin:0 auto;\"><\/div><\/p>\n<div id=\"videoincontent\" style=\"clear:both\";><\/div>","protected":false},"excerpt":{"rendered":"<p>Vista la grande partecipazione di pubblico ed il grande interesse da parte delle scuole, &#8220;Van Gogh multimedia experience&#8221;, rimarr\u00e0 aperta fino al 15 ottobre. Lo ha deciso l&#8217;organizzazione dell&#8217;evento multimediale in sinergia con il Comune di Taormina. Un appuntamento che sta registrando un successo importante, confermato dalla presenza di oltre 26mila visitatori. Si tratta della [&hellip;]<\/p>\n","protected":false},"author":2,"featured_media":8671,"comment_status":"closed","ping_status":"open","sticky":false,"template":"","format":"standard","meta":{"ub_ctt_via":"","_mi_skip_tracking":false},"categories":[3],"tags":[],"featured_image_src":"https:\/\/www.messinaoggi.it\/website\/wp-content\/uploads\/2017\/09\/van-gogh-a-taormina-2.jpg","author_info":{"display_name":"Redazione","author_link":"https:\/\/www.messinaoggi.it\/website\/author\/redazione\/"},"digistream_id":0,"digistream":false,"_links":{"self":[{"href":"https:\/\/www.messinaoggi.it\/website\/wp-json\/wp\/v2\/posts\/8670"}],"collection":[{"href":"https:\/\/www.messinaoggi.it\/website\/wp-json\/wp\/v2\/posts"}],"about":[{"href":"https:\/\/www.messinaoggi.it\/website\/wp-json\/wp\/v2\/types\/post"}],"author":[{"embeddable":true,"href":"https:\/\/www.messinaoggi.it\/website\/wp-json\/wp\/v2\/users\/2"}],"replies":[{"embeddable":true,"href":"https:\/\/www.messinaoggi.it\/website\/wp-json\/wp\/v2\/comments?post=8670"}],"version-history":[{"count":0,"href":"https:\/\/www.messinaoggi.it\/website\/wp-json\/wp\/v2\/posts\/8670\/revisions"}],"wp:featuredmedia":[{"embeddable":true,"href":"https:\/\/www.messinaoggi.it\/website\/wp-json\/wp\/v2\/media\/8671"}],"wp:attachment":[{"href":"https:\/\/www.messinaoggi.it\/website\/wp-json\/wp\/v2\/media?parent=8670"}],"wp:term":[{"taxonomy":"category","embeddable":true,"href":"https:\/\/www.messinaoggi.it\/website\/wp-json\/wp\/v2\/categories?post=8670"},{"taxonomy":"post_tag","embeddable":true,"href":"https:\/\/www.messinaoggi.it\/website\/wp-json\/wp\/v2\/tags?post=8670"}],"curies":[{"name":"wp","href":"https:\/\/api.w.org\/{rel}","templated":true}]}}