{"id":8660,"date":"2017-09-29T11:30:49","date_gmt":"2017-09-29T09:30:49","guid":{"rendered":"http:\/\/www.messinaoggi.it\/website\/?p=8660"},"modified":"2017-09-29T11:30:49","modified_gmt":"2017-09-29T09:30:49","slug":"al-via-alla-festa-della-marineria-dal-5-all8-sara-visitabile-la-base-della-marina-militare","status":"publish","type":"post","link":"https:\/\/www.messinaoggi.it\/website\/2017\/09\/29\/al-via-alla-festa-della-marineria-dal-5-all8-sara-visitabile-la-base-della-marina-militare\/","title":{"rendered":"Al via alla Festa della Marineria: dal 5 all&#039;8 sar\u00e0 visitabile la base della Marina Militare"},"content":{"rendered":"<p style=\"text-align: justify\"><span style=\"color: #000000\"><span style=\"font-family: Arial, sans-serif\"><span style=\"font-size: medium\">La base navale della Marina Militare di Messina sar\u00e0 aperta al pubblico dal 5 all&#8217;8 ottobre in occasione della II edizione della Festa della marineria, presentata ieri mattina presso l\u2019Aula Magna del Rettorato dal Comandante Marittimo della Sicilia, Nicola De Felice, il Coordinare del Collegio dei Prorettori, Giovanni Cupaiuolo ed il sindaco di Messina, Renato Accorinti.<\/span><\/span><\/span><div id=\"div-gpt-ad-Messinaoggi.it-DSK-300x250-corpoart\" style=\"text-align:center;margin:0 auto;\"><\/div><\/p>\n<p style=\"text-align: justify\"><span style=\"color: #000000\"><span style=\"font-family: Arial, sans-serif\"><span style=\"font-size: medium\">Nel dettaglio, la base navale sar\u00e0 aperta al pubblico la mattina e il pomeriggio, con la possibilit\u00e0 di visitare le Unit\u00e0 Navali presenti in sede \u2013 tra le quali la goletta Palinuro che ha appena terminato la campagna d\u2019Istruzione in Mediterraneo Orientale a favore degli allievi Sottufficiali \u2013 ma anche le mostre di reperti storici, di uniformi e di modelli di unit\u00e0 navali della Marina Militare.<\/span><\/span><\/span><div id=\"videoincontent\" style=\"clear:both\";><\/div><\/p>\n<p style=\"text-align: justify\"><span style=\"color: #000000\"><span style=\"font-family: Arial, sans-serif\"><span style=\"font-size: medium\">Sono numerosi gli appuntamenti in programma: i palombari della Marina Militare saranno quotidianamente impegnati in attivit\u00e0 tecniche e dimostrative finalizzate a far conoscere le realt\u00e0 dei reparti subacquei della Marina Militare, un elicottero della stazione elicotteri di Catania effettuer\u00e0 attivit\u00e0 dimostrativa di recupero naufrago, mentre stand espositivi tematici (circa 40) saranno fruibili e consentiranno ai visitatori di potersi avvicinare al mondo delle Istituzioni, delle Forze Armate e dei Corpi Armati, ma pi\u00f9 in generale alla cura ed al rispetto per il mare.<\/span><\/span><\/span><\/p>\n<p style=\"text-align: justify\"><span style=\"color: #000000\"><span style=\"font-family: Arial, sans-serif\"><span style=\"font-size: medium\">La salvaguardia dell\u2019ambiente marino, la marittimit\u00e0 della citt\u00e0 di Messina e la Marina Militare quale risorsa per il territorio saranno gli elementi su cui ruoteranno molteplici iniziative fra le quali un concorso di gastronomia dal titolo \u201cil mare fonte di cultura, gusto e sapore da Lepanto ad\u00a0<a><span style=\"color: #0000ff\"><u>oggi<\/u><\/span><\/a>\u201d ed un concorso artistico scolastico dal tema: \u201cL\u2019evoluzione delle navi da Lepanto ad\u00a0<a><span style=\"color: #0000ff\"><u>oggi<\/u><\/span><\/a>\u201d. La battaglia di Lepanto verr\u00e0, oltretutto, rievocata e si svolgeranno mostre (fra cui quella relativa all\u2019antica cartografia), esposizioni (di uniformi e modelli navali), dimostrazioni e regate veliche.<\/span><\/span><\/span><\/p>\n<p style=\"text-align: justify\"><span style=\"color: #000000\">\u201c<span style=\"font-family: Arial, sans-serif\"><span style=\"font-size: medium\">L\u2019iniziativa\u00a0a cadenza biennale \u2013 ha detto il Contrammiraglio De Felice \u2013 \u00a0testimonia il virtuoso connubio fra la Marina Militare e l\u2019Universit\u00e0 di Messina. L\u2019obiettivo che ci lega \u00e8 quello di rispolverare la cultura del mare, in Sicilia e in particolar modo a Messina.\u00a0Per\u00a0rimettere in moto l\u2019indotto attorno alla Marina ci vuole una base culturale forte ed uno spirito di squadra solido capace di affrontare la sfida. Abbiamo intrapreso il percorso giusto\u201d.<\/span><\/span><\/span><\/p>\n<p style=\"text-align: justify\"><span style=\"color: #000000\">\u201c<span style=\"font-family: Arial, sans-serif\"><span style=\"font-size: medium\">Il fatto che ci sia una seconda edizione della Festa della Marineria \u2013 ha commentato\u00a0il prof. Cupaiuolo \u2013 ci inorgoglisce e, contemporaneamente, significa che la formula della prima esperienza ha avuto successo. Siamo sicuri\u00a0che la sinergia fra l\u2019Ateneo e la Marina possa condurci ad instaurare una tradizione. Unime condivide appieno le parole del Contrammiraglio De Felice, nella convinzione che \u00e8 giusto e fondamentale valorizzare ci\u00f2 che la natura ci ha donato. Gi\u00e0 in passato abbiamo operato fruttuosamente nel campo della biologia marina e della subacquea e, come dimostra il ricco programma della manifestazione, stiamo per lanciare il Corso in Scienze e Tecnologie della navigazione. La Marina ha aderito con convinzione e di certo potremo\u00a0ottenere molte soddisfazioni\u201d.<\/span><\/span><\/span><\/p>\n<p style=\"text-align: justify\"><span style=\"color: #000000\">\u201c<span style=\"font-family: Arial, sans-serif\"><span style=\"font-size: medium\">Non potevamo non approvare la seconda edizione di questa grande festa \u2013 ha dichiarato il sindaco Accorinti \u2013 che nel suo primo anno ha registrato circa 12 mila presenze dei ragazzi delle scuole. Collaboriamo, con la Marina e l\u2019Ateneo, sicuri che il campo educativo sia quello che racchiude la maggiore forza del cambiamento. Insieme, dobbiamo portare la cultura del mare nelle aule ogni giorno e non solo in occasioni simili. In questa nuova edizione desideriamo accrescere il numero delle presenze\u201d.<\/span><\/span><\/span><\/p>\n<p style=\"text-align: justify\"><span style=\"color: #000000\"><span style=\"font-family: Arial, sans-serif\"><span style=\"font-size: medium\"><b>Il comprensorio della zona Falcata della Marina Militare sar\u00e0 aperto al pubblico nei seguenti orari:<br \/>\n<\/b><\/span><\/span><\/span><span style=\"color: #000000\">\u2013 <span style=\"font-family: Arial, sans-serif\"><span style=\"font-size: medium\">5 e 6 ottobre dalle 9.00 alle 13.00 e dalle 15.00 alle 19.00<br \/>\n\u2013 7 ottobre dalle 9.00 alle 13.00 e dalle 15.00 alle 22.00<br \/>\n\u2013 8 ottobre 9.00 alle 13.00 e dalle 15.00 alle 19.00<\/span><\/span><\/span><\/p>\n<p style=\"text-align: justify\"><span style=\"color: #000000\"><span style=\"font-family: Arial, sans-serif\"><span style=\"font-size: medium\"><b>Appuntamenti:<br \/>\n<\/b><\/span><\/span><\/span><span style=\"color: #000000\"><span style=\"font-family: Arial, sans-serif\"><span style=\"font-size: medium\">gioved\u00ec 5 ottobre ore 09.30: Cerimonia d\u2019inaugurazione e presentazione del nuovo corso di laurea in \u201cScienze e Tecnologie della navigazione\u201d;<br \/>\n\u00b7 venerd\u00ec 6 ottobre ore 18.00: Presentazione del calendario della Marina Militare 2018 e focus giornalistico su tematiche con attinenza alla cultura del mare;<br \/>\n\u00b7 sabato 7 ottobre ore 17.00: Corteo storico rinascimentale sulla rievocazione della \u201cbattaglia di Lepanto\u201d;<br \/>\n\u00b7 domenica 8 ottobre ore 08.30: Regata velica d\u2019altura nello Stretto di Messina \u201cIX Trofeo della Marina e citt\u00e0 di Messina\u201d.<\/span><\/span><\/span><\/p>\n","protected":false},"excerpt":{"rendered":"<p>La base navale della Marina Militare di Messina sar\u00e0 aperta al pubblico dal 5 all&#8217;8 ottobre in occasione della II edizione della Festa della marineria, presentata ieri mattina presso l\u2019Aula Magna del Rettorato dal Comandante Marittimo della Sicilia, Nicola De Felice, il Coordinare del Collegio dei Prorettori, Giovanni Cupaiuolo ed il sindaco di Messina, Renato [&hellip;]<\/p>\n","protected":false},"author":8,"featured_media":8661,"comment_status":"closed","ping_status":"open","sticky":false,"template":"","format":"standard","meta":{"ub_ctt_via":"","_mi_skip_tracking":false},"categories":[5],"tags":[],"featured_image_src":"https:\/\/www.messinaoggi.it\/website\/wp-content\/uploads\/2017\/09\/conferenza-2-edizione-FESTA-DELLA-MARINERIA-2.jpg","author_info":{"display_name":"red..me","author_link":"https:\/\/www.messinaoggi.it\/website\/author\/redstage\/"},"digistream_id":0,"digistream":false,"_links":{"self":[{"href":"https:\/\/www.messinaoggi.it\/website\/wp-json\/wp\/v2\/posts\/8660"}],"collection":[{"href":"https:\/\/www.messinaoggi.it\/website\/wp-json\/wp\/v2\/posts"}],"about":[{"href":"https:\/\/www.messinaoggi.it\/website\/wp-json\/wp\/v2\/types\/post"}],"author":[{"embeddable":true,"href":"https:\/\/www.messinaoggi.it\/website\/wp-json\/wp\/v2\/users\/8"}],"replies":[{"embeddable":true,"href":"https:\/\/www.messinaoggi.it\/website\/wp-json\/wp\/v2\/comments?post=8660"}],"version-history":[{"count":0,"href":"https:\/\/www.messinaoggi.it\/website\/wp-json\/wp\/v2\/posts\/8660\/revisions"}],"wp:featuredmedia":[{"embeddable":true,"href":"https:\/\/www.messinaoggi.it\/website\/wp-json\/wp\/v2\/media\/8661"}],"wp:attachment":[{"href":"https:\/\/www.messinaoggi.it\/website\/wp-json\/wp\/v2\/media?parent=8660"}],"wp:term":[{"taxonomy":"category","embeddable":true,"href":"https:\/\/www.messinaoggi.it\/website\/wp-json\/wp\/v2\/categories?post=8660"},{"taxonomy":"post_tag","embeddable":true,"href":"https:\/\/www.messinaoggi.it\/website\/wp-json\/wp\/v2\/tags?post=8660"}],"curies":[{"name":"wp","href":"https:\/\/api.w.org\/{rel}","templated":true}]}}