{"id":86575,"date":"2021-11-09T12:08:39","date_gmt":"2021-11-09T11:08:39","guid":{"rendered":"https:\/\/www.messinaoggi.it\/website\/2021\/11\/09\/sanita-quici-le-istituzioni-ascoltino-di-piu-i-medici\/"},"modified":"2021-11-09T12:08:39","modified_gmt":"2021-11-09T11:08:39","slug":"sanita-quici-le-istituzioni-ascoltino-di-piu-i-medici","status":"publish","type":"post","link":"https:\/\/www.messinaoggi.it\/website\/2021\/11\/09\/sanita-quici-le-istituzioni-ascoltino-di-piu-i-medici\/","title":{"rendered":"Sanit\u00e0, Quici \u201cLe istituzioni ascoltino di pi\u00f9 i medici\u201d"},"content":{"rendered":"<div>ROMA (ITALPRESS) &#8211; &#8220;Facendo diagnosi e terapia sappiamo con<br \/>precisione quali sono i malanni dei pazienti ma conosciamo bene<br \/>anche i malanni del nostro Servizio sanitario nazionale. Allora ci chiediamo: per quale motivo non ci contattate e chiedete cosa ne pensiamo?&#8221;. Lo ha detto Guido Quici, presidente nazionale di Cimo-Fesmed (Coordinamento Italiano Medici Ospedalieri-Federazione Sindacale Medici Dirigenti), intervistato da Claudio Brachino per la rubrica &#8220;Primo Piano&#8221; dell&#8217;agenzia Italpress.<br \/>&#8220;Perch\u00e8 non chiedono il nostro parere? Poi la politica far\u00e0 quello che ritiene, ma&#8221; al momento &#8220;ci sentiamo ignorati del tutto&#8221;, ha aggiunto.<br \/>&#8220;Mi rendo conto che un&#8217;organizzazione sindacale di 18 mila medici ha un suo peso ma non ha la necessaria forza se non supportato dietro dai mass media e da chi condivide i nostri punti di vista&#8221;, ha poi evidenziato Quici. Per\u00f2 &#8220;ho un documento pronto &#8211; ha proseguito &#8211; e, quando vogliono, lo consegno al ministro e alle istituzioni perch\u00e8 tecnicamente siamo in grado di dare il nostro apporto&#8221;.<br \/>Per il presidente di Cimo-Fesmed, &#8220;la sanit\u00e0 avrebbe bisogno di tre gambe: fondo sanitario nazionale, Pnrr e magari Mes. La politica ha detto che il Mes lo mettiamo da parte e utilizziamo le altre due gambe. Per la verit\u00e0, per\u00f2, una gamba \u00e8 un p\u00f2 sgangherata e l&#8217;altra ha un&#8217;artrosi ben consolidata. L&#8217;artrosi ce l&#8217;ha il fondo sanitario nazionale&#8221;, ha aggiunto. &#8220;Se nel fondo mettiamo il costo della siringa, del personale, dei farmaci e dell&#8217;ospedale &#8211; ha spiegato &#8211; e poi lo ripartiamo a livello regionale con modalit\u00e0 di distribuzione che andrebbero riviste, \u00e8 chiaro che \u00e8 come un rubinetto che perde acqua: alla fine esce una sola goccia contesa dal cittadino, che ha sempre meno servizi, e dai sanitari, che non hanno i diritti derivanti, per esempio, dalle norme contrattuali che sono inattuate. Si mette in competizione &#8211; ha sottolineato &#8211; il terminale, ovvero pazienti e sanitari, mentre a monte c&#8217;\u00e8 una dispersione ma soprattutto un&#8217;insufficienza di risorse&#8221;.<br \/>Sul fronte della carenza di personale &#8220;siamo molto preoccupati perch\u00e8 durante il periodo Covid \u00e8 successo che oculisti siano dovuti andare urgentemente nei pronto soccorso perch\u00e8 medici internisti e di pronto soccorso erano necessari nelle terapie subintensive, proprio perch\u00e8 non c&#8217;erano medici&#8221;.<br \/>(ITALPRESS).<\/div>\n<div id=\"div-gpt-ad-Messinaoggi.it-DSK-300x250-corpoart\" style=\"text-align:center;margin:0 auto;\"><\/div><\/p><div id=\"videoincontent\" style=\"clear:both\";><\/div>","protected":false},"excerpt":{"rendered":"<p>ROMA (ITALPRESS) &#8211; &#8220;Facendo diagnosi e terapia sappiamo conprecisione quali sono i malanni dei pazienti ma conosciamo beneanche i malanni del nostro Servizio sanitario nazionale. Allora ci chiediamo: per quale motivo non ci contattate e chiedete cosa ne pensiamo?&#8221;. Lo ha detto Guido Quici, presidente nazionale di Cimo-Fesmed (Coordinamento Italiano Medici Ospedalieri-Federazione Sindacale Medici Dirigenti), [&hellip;]<\/p>\n","protected":false},"author":18,"featured_media":86576,"comment_status":"closed","ping_status":"closed","sticky":false,"template":"","format":"standard","meta":{"ub_ctt_via":"","_mi_skip_tracking":false},"categories":[446],"tags":[783],"featured_image_src":"https:\/\/www.messinaoggi.it\/website\/wp-content\/uploads\/2021\/11\/20211109_0303.jpg","author_info":{"display_name":"Admin","author_link":"https:\/\/www.messinaoggi.it\/website\/author\/admin\/"},"digistream_id":0,"digistream":false,"_links":{"self":[{"href":"https:\/\/www.messinaoggi.it\/website\/wp-json\/wp\/v2\/posts\/86575"}],"collection":[{"href":"https:\/\/www.messinaoggi.it\/website\/wp-json\/wp\/v2\/posts"}],"about":[{"href":"https:\/\/www.messinaoggi.it\/website\/wp-json\/wp\/v2\/types\/post"}],"author":[{"embeddable":true,"href":"https:\/\/www.messinaoggi.it\/website\/wp-json\/wp\/v2\/users\/18"}],"replies":[{"embeddable":true,"href":"https:\/\/www.messinaoggi.it\/website\/wp-json\/wp\/v2\/comments?post=86575"}],"version-history":[{"count":0,"href":"https:\/\/www.messinaoggi.it\/website\/wp-json\/wp\/v2\/posts\/86575\/revisions"}],"wp:featuredmedia":[{"embeddable":true,"href":"https:\/\/www.messinaoggi.it\/website\/wp-json\/wp\/v2\/media\/86576"}],"wp:attachment":[{"href":"https:\/\/www.messinaoggi.it\/website\/wp-json\/wp\/v2\/media?parent=86575"}],"wp:term":[{"taxonomy":"category","embeddable":true,"href":"https:\/\/www.messinaoggi.it\/website\/wp-json\/wp\/v2\/categories?post=86575"},{"taxonomy":"post_tag","embeddable":true,"href":"https:\/\/www.messinaoggi.it\/website\/wp-json\/wp\/v2\/tags?post=86575"}],"curies":[{"name":"wp","href":"https:\/\/api.w.org\/{rel}","templated":true}]}}