{"id":86547,"date":"2021-11-08T22:07:33","date_gmt":"2021-11-08T21:07:33","guid":{"rendered":"https:\/\/www.messinaoggi.it\/website\/2021\/11\/08\/conte-draghi-resti-premier-la-stabilita-del-governo-e-prioritaria\/"},"modified":"2021-11-08T22:07:33","modified_gmt":"2021-11-08T21:07:33","slug":"conte-draghi-resti-premier-la-stabilita-del-governo-e-prioritaria","status":"publish","type":"post","link":"https:\/\/www.messinaoggi.it\/website\/2021\/11\/08\/conte-draghi-resti-premier-la-stabilita-del-governo-e-prioritaria\/","title":{"rendered":"Conte \u201cDraghi resti premier, la stabilit\u00e0 del Governo \u00e8 prioritaria\u201d"},"content":{"rendered":"<div>ROMA (ITALPRESS) &#8211; &#8220;Mi \u00e8 stato chiesto se avessi preclusioni per Draghi al Quirinale. Ho detto di no, ma il nostro sostegno a questo governo nasce perch\u00e8 il Paese sia messo in protezione e sia attuato efficacemente il Pnrr. Obiettivi che non sono ancora stati raggiunti e la stabilit\u00e0 del governo non pu\u00f2 non essere un obiettivo prioritario. Draghi \u00e8 il punto di equilibrio di un sistema politico. La legislatura deve finire perch\u00e8 l&#8217;obiettivo prioritario \u00e8 la realizzazione del Pnrr per il quale ci siamo strenuamente battuti. Che Draghi rimanga a Palazzo Chigi \u00e8 la via prioritaria. Draghi non \u00e8 fungibile&#8221;. Cos\u00ec il presidente del Movimento 5 Stelle, Giuseppe Conte, ospite di Lilli Gruber a Otto e mezzo su La7.<br \/>&#8220;Ho ricevuto un invito a una festa di compleanno da una persona, Bettini, che ha avuto un ruolo politico fondamentale nel Conte 2, \u00e8 un amico e una persona che stimo &#8211; ha poi aggiunto Conte -. Se hanno parlato di Quirinale e altri argomenti, non lo hanno fatto<br \/>davanti a me. Con Fuortes ci incontreremo, perch\u00e8 voglio parlare<br \/>di Rai e conoscere il suo progetto ma non abbiamo bisogno di<br \/>andare a un compleanno di un amico comune per farlo&#8221;. <br \/>(ITALPRESS).<\/div>\n<div id=\"div-gpt-ad-Messinaoggi.it-DSK-300x250-corpoart\" style=\"text-align:center;margin:0 auto;\"><\/div><\/p><div id=\"videoincontent\" style=\"clear:both\";><\/div>","protected":false},"excerpt":{"rendered":"<p>ROMA (ITALPRESS) &#8211; &#8220;Mi \u00e8 stato chiesto se avessi preclusioni per Draghi al Quirinale. Ho detto di no, ma il nostro sostegno a questo governo nasce perch\u00e8 il Paese sia messo in protezione e sia attuato efficacemente il Pnrr. Obiettivi che non sono ancora stati raggiunti e la stabilit\u00e0 del governo non pu\u00f2 non essere [&hellip;]<\/p>\n","protected":false},"author":18,"featured_media":86548,"comment_status":"closed","ping_status":"closed","sticky":false,"template":"","format":"standard","meta":{"ub_ctt_via":"","_mi_skip_tracking":false},"categories":[446],"tags":[783],"featured_image_src":"https:\/\/www.messinaoggi.it\/website\/wp-content\/uploads\/2021\/11\/20211108_2180.jpg","author_info":{"display_name":"Admin","author_link":"https:\/\/www.messinaoggi.it\/website\/author\/admin\/"},"digistream_id":0,"digistream":false,"_links":{"self":[{"href":"https:\/\/www.messinaoggi.it\/website\/wp-json\/wp\/v2\/posts\/86547"}],"collection":[{"href":"https:\/\/www.messinaoggi.it\/website\/wp-json\/wp\/v2\/posts"}],"about":[{"href":"https:\/\/www.messinaoggi.it\/website\/wp-json\/wp\/v2\/types\/post"}],"author":[{"embeddable":true,"href":"https:\/\/www.messinaoggi.it\/website\/wp-json\/wp\/v2\/users\/18"}],"replies":[{"embeddable":true,"href":"https:\/\/www.messinaoggi.it\/website\/wp-json\/wp\/v2\/comments?post=86547"}],"version-history":[{"count":0,"href":"https:\/\/www.messinaoggi.it\/website\/wp-json\/wp\/v2\/posts\/86547\/revisions"}],"wp:featuredmedia":[{"embeddable":true,"href":"https:\/\/www.messinaoggi.it\/website\/wp-json\/wp\/v2\/media\/86548"}],"wp:attachment":[{"href":"https:\/\/www.messinaoggi.it\/website\/wp-json\/wp\/v2\/media?parent=86547"}],"wp:term":[{"taxonomy":"category","embeddable":true,"href":"https:\/\/www.messinaoggi.it\/website\/wp-json\/wp\/v2\/categories?post=86547"},{"taxonomy":"post_tag","embeddable":true,"href":"https:\/\/www.messinaoggi.it\/website\/wp-json\/wp\/v2\/tags?post=86547"}],"curies":[{"name":"wp","href":"https:\/\/api.w.org\/{rel}","templated":true}]}}