{"id":8653,"date":"2017-09-29T08:00:45","date_gmt":"2017-09-29T06:00:45","guid":{"rendered":"http:\/\/www.messinaoggi.it\/website\/?p=8653"},"modified":"2017-09-29T08:00:45","modified_gmt":"2017-09-29T06:00:45","slug":"al-via-da-lunedi-la-ii-settimana-nazionale-della-dislessia","status":"publish","type":"post","link":"https:\/\/www.messinaoggi.it\/website\/2017\/09\/29\/al-via-da-lunedi-la-ii-settimana-nazionale-della-dislessia\/","title":{"rendered":"Al via da luned\u00ec la II Settimana Nazionale della Dislessia"},"content":{"rendered":"<p style=\"text-align: justify\"><span style=\"font-family: Arial, sans-serif\"><span style=\"font-size: medium\">Da luned\u00ec 2 ottobre a domenica 8 ottobre sar\u00e0 promossa dall&#8217;Associazione Italiana Dislessia (AID) in 88 citt\u00e0 italiane, tra le quali anche Messina, la II Settimana Nazionale della Dislessia con l&#8217;obiettivo di sensibilizzare il pubblico sui Disturbi Specifici dell\u2019Apprendimento (DSA).<\/span><\/span><div id=\"div-gpt-ad-Messinaoggi.it-DSK-300x250-corpoart\" style=\"text-align:center;margin:0 auto;\"><\/div><\/p>\n<p style=\"text-align: justify\"><span style=\"font-family: Arial, sans-serif\"><span style=\"font-size: medium\">&#8220;DSA? Diverse Strategie d\u2019Apprendimento&#8221; sar\u00e0 la tematica portante dell&#8217;evento, il quale si svolger\u00e0 tra l&#8217;altro in concomitanza con l\u2019European Dyslexia Awareness Week, che quest\u2019anno vuole soffermarsi sulle potenzialit\u00e0 dei bambini e dei ragazzi con DSA: comprendere le loro difficolt\u00e0 e il loro modo di pensare, creativo e divergente, permette di trovare nuove risorse e di fare la differenza, nel percorso verso l&#8217;inclusione e il successo scolastico e lavorativo. Da qui l\u2019idea di leggere l&#8217;acronimo che identifica i Disturbi Specifici dell&#8217;Apprendimento, DSA, da un altro punto di vista: \u201cDSA? Diverse Strategie di Apprendimento\u201d.<\/span><\/span><div id=\"videoincontent\" style=\"clear:both\";><\/div><\/p>\n<p style=\"text-align: justify\"><span style=\"font-family: Arial, sans-serif\"><b>Di seguito gli eventi in evidenza:<\/b><\/span><\/p>\n<p style=\"text-align: justify\"><span style=\"font-family: Arial, sans-serif\"><b>Luned\u00ec 2 ottobre 2017<\/b> &#8211; ore 16.30\/19.00<\/span><\/p>\n<p style=\"text-align: justify\"><span style=\"font-family: Arial, sans-serif\">D.S.A. e Canottaggio<br \/>\n<\/span><span style=\"font-family: Arial, sans-serif\">Presso i locali della societ\u00e0 Thalatta via V .Emanuele II 98121, Messina<br \/>\n<\/span><span style=\"font-family: Arial, sans-serif\">Un momento informativo rivolto a bambini e ragazzi dagli 8 anni in su, nel quale si parler\u00e0 di dislessia e canottaggio, spiegando ai partecipanti come \u201capprendere\u201d le basi del vogare, prima con delle diapositive supportate da immagini, poi con un simulatore (remergometro).<br \/>\n<\/span><span style=\"font-family: Arial, sans-serif\">Si vuole proporre di apprendere la tecnica del canottaggio e le sue regole mediante strumenti compensativi (slides e simulatore), stabilendo un parallelo con ci\u00f2 che prevede la legge 170\/2010, per l&#8217;apprendimento scolastico.<br \/>\n<\/span><span style=\"font-family: Arial, sans-serif\">I genitori o i docenti interessati a partecipare all&#8217;iniziativa possono inviare una mail all&#8217;indirizzo\u00a0<a href=\"mailto:messina@aiditalia.org\">messina@aiditalia.org<\/a>.\u00a0<\/span><span style=\"font-family: Arial, sans-serif\">In collaborazione con l&#8217;Ufficio Scolastico Regionale<br \/>\n<\/span><span style=\"font-family: Arial, sans-serif\">L&#8217;ingresso \u00e8 gratuito. I posti sono limitati (max 50): \u00e8 richiesta la prenotazione sul sito e compilando il form di iscrizione\u00a0<a href=\"https:\/\/www.aiditalia.org\/it\/attivita\/437\">https:\/\/www.aiditalia.org\/it\/attivita\/437<\/a>.<\/span><\/p>\n<p style=\"text-align: justify\">\n<p style=\"text-align: justify\"><span style=\"font-family: Arial, sans-serif\"><b>Mercoled\u00ec 4 Ottobre 2017<\/b>&#8211; ore 08.30<\/span><\/p>\n<p style=\"text-align: justify\"><span style=\"font-family: Arial, sans-serif\">Convegno: risorse e prospettive per adolescenti e adulti con DSA<\/span><\/p>\n<p style=\"text-align: justify\"><span style=\"font-family: Arial, sans-serif\">Aula Magna della NPI del Policlinico Universitario di Messina.<br \/>\n<\/span><span style=\"font-family: Arial, sans-serif\">Evento formativo che si propone di portare l\u2019attenzione sull\u2019adolescente\/giovane adulto, sulle problematiche che si incontrano a scuola, all\u2019Universit\u00e0 e sul mondo del lavoro, attraverso interventi e riflessioni di specialisti del settore.<br \/>\n<\/span><span style=\"font-family: Arial, sans-serif\">Evento realizzato in collaborazione con Universit\u00e0 di Messina, Fondazione Bonino Pulejo, U.S.R. Sicilia, DISMED e ANOLF Messina.<br \/>\n<\/span><span style=\"font-family: Arial, sans-serif\">Al convegno sono attribuiti 6\u00a0Crediti formativi ECM\u00a0per Medici Chirurgi (Neurologia, Neuropsichiatria Infantile, Psichiatria, Psicoterapia), Psicologi, Logopedisti, Educatori Professionali, Terapisti della neuro e psico motricit\u00e0 dell\u2019et\u00e0 evolutiva.<br \/>\n<\/span><span style=\"font-family: Arial, sans-serif\">Il convegno \u00e8 ad ingresso gratuito, ad esclusione dei professionisti del settore medico sanitario, interessati a conseguire i crediti formativi:\u00a0questa categoria si registra con una procedura riservata ed \u00e8 tenuta a versare una quota di iscrizione di 30 euro, per costi di segreteria.<br \/>\n<\/span><span style=\"font-family: Arial, sans-serif\">I posti sono limitati: tutti i partecipanti sono tenuti a registrarsi seguendo le indicazioni riportate in questa pagina:<br \/>\n<\/span><span style=\"font-family: Arial, sans-serif\"><span style=\"font-size: medium\"><a href=\"https:\/\/messina.aiditalia.org\/it\/news-ed-eventi\/convegno-risorse-e-prospettive-per-adolescenti-e-adulti-con-dsa\">https:\/\/messina.aiditalia.org\/it\/news-ed-eventi\/convegno-risorse-e-prospettive-per-adolescenti-e-adulti-con-dsa<\/a>.<\/span><\/span><\/p>\n","protected":false},"excerpt":{"rendered":"<p>Da luned\u00ec 2 ottobre a domenica 8 ottobre sar\u00e0 promossa dall&#8217;Associazione Italiana Dislessia (AID) in 88 citt\u00e0 italiane, tra le quali anche Messina, la II Settimana Nazionale della Dislessia con l&#8217;obiettivo di sensibilizzare il pubblico sui Disturbi Specifici dell\u2019Apprendimento (DSA). &#8220;DSA? Diverse Strategie d\u2019Apprendimento&#8221; sar\u00e0 la tematica portante dell&#8217;evento, il quale si svolger\u00e0 tra l&#8217;altro [&hellip;]<\/p>\n","protected":false},"author":8,"featured_media":8654,"comment_status":"closed","ping_status":"open","sticky":false,"template":"","format":"standard","meta":{"ub_ctt_via":"","_mi_skip_tracking":false},"categories":[5],"tags":[],"featured_image_src":"https:\/\/www.messinaoggi.it\/website\/wp-content\/uploads\/2017\/09\/image001-2.jpg","author_info":{"display_name":"red..me","author_link":"https:\/\/www.messinaoggi.it\/website\/author\/redstage\/"},"digistream_id":0,"digistream":false,"_links":{"self":[{"href":"https:\/\/www.messinaoggi.it\/website\/wp-json\/wp\/v2\/posts\/8653"}],"collection":[{"href":"https:\/\/www.messinaoggi.it\/website\/wp-json\/wp\/v2\/posts"}],"about":[{"href":"https:\/\/www.messinaoggi.it\/website\/wp-json\/wp\/v2\/types\/post"}],"author":[{"embeddable":true,"href":"https:\/\/www.messinaoggi.it\/website\/wp-json\/wp\/v2\/users\/8"}],"replies":[{"embeddable":true,"href":"https:\/\/www.messinaoggi.it\/website\/wp-json\/wp\/v2\/comments?post=8653"}],"version-history":[{"count":0,"href":"https:\/\/www.messinaoggi.it\/website\/wp-json\/wp\/v2\/posts\/8653\/revisions"}],"wp:featuredmedia":[{"embeddable":true,"href":"https:\/\/www.messinaoggi.it\/website\/wp-json\/wp\/v2\/media\/8654"}],"wp:attachment":[{"href":"https:\/\/www.messinaoggi.it\/website\/wp-json\/wp\/v2\/media?parent=8653"}],"wp:term":[{"taxonomy":"category","embeddable":true,"href":"https:\/\/www.messinaoggi.it\/website\/wp-json\/wp\/v2\/categories?post=8653"},{"taxonomy":"post_tag","embeddable":true,"href":"https:\/\/www.messinaoggi.it\/website\/wp-json\/wp\/v2\/tags?post=8653"}],"curies":[{"name":"wp","href":"https:\/\/api.w.org\/{rel}","templated":true}]}}