{"id":8650,"date":"2017-09-29T09:00:22","date_gmt":"2017-09-29T07:00:22","guid":{"rendered":"http:\/\/www.messinaoggi.it\/website\/?p=8650"},"modified":"2017-09-29T09:00:22","modified_gmt":"2017-09-29T07:00:22","slug":"notte-bianca-a-piazza-del-popolo-e-largo-appuntamento-a-domani-sera","status":"publish","type":"post","link":"https:\/\/www.messinaoggi.it\/website\/2017\/09\/29\/notte-bianca-a-piazza-del-popolo-e-largo-appuntamento-a-domani-sera\/","title":{"rendered":"Notte bianca a Piazza del Popolo e Largo, appuntamento a domani sera"},"content":{"rendered":"<p style=\"text-align: justify\"><span style=\"color: #000000\"><span style=\"font-family: Arial, sans-serif\"><span style=\"font-size: medium\">&#8220;Nata per la voglia di, almeno per una notte, far rivivere due piazze cos\u00ec abbandonate ma nello stesso tempo cos\u00ec belle, sabato 30 settembre 2017, dalle ore 19:30 alle ore 01:00, si svolger\u00e0 la notte bianca a piazza del Popolo e Largo Seggiola, pedonalizzando per l&#8217;occasione anche le vie limitrofe a partire dalle 20:30&#8221;. Cos\u00ec il Presidente della IV Circoscrizione, Francesco Palano Quero, annuncia la notte bianca che si terr\u00e0 a piazza del Popolo e Largo Seggiola domani sera.<\/span><\/span><\/span><div id=\"div-gpt-ad-Messinaoggi.it-DSK-300x250-corpoart\" style=\"text-align:center;margin:0 auto;\"><\/div><\/p>\n<p style=\"text-align: justify\"><span style=\"color: #000000\"><span style=\"font-family: Arial, sans-serif\"><span style=\"font-size: medium\">L&#8217;evento \u00e8 stato promosso dall&#8217;istituto scolastico Cannizzaro-Galatti, dagli istituti Spirito Santo e Parrocchia del Carmine (che saranno visitabili con l&#8217;architetto Nino Principato, il quale far\u00e0 da Cicerone), dai vari hobbisti, dai tanti artisti e dei commercianti della zona, nonch\u00e9 dalla IV Circoscrizione con la compartecipazione dell&#8217;Assessorato alla Cultura.<\/span><\/span><\/span><div id=\"videoincontent\" style=\"clear:both\";><\/div><\/p>\n<p style=\"text-align: justify\"><span style=\"color: #000000\"><span style=\"font-family: Arial, sans-serif\"><span style=\"font-size: medium\">In occasione della serata verranno allestiti due palchi nelle piazze in questione, sui quali si terranno diverse attivit\u00e0. Inoltre, l&#8217;istituto Cannizzaro-Galatti, il cui coro dar\u00e0 il via alla manifestazione, sar\u00e0 visitabile, mentre gli studenti si esibiranno in un&#8217;ecosfilata nell&#8217;area pedonalizzata.<\/span><\/span><\/span><\/p>\n","protected":false},"excerpt":{"rendered":"<p>&#8220;Nata per la voglia di, almeno per una notte, far rivivere due piazze cos\u00ec abbandonate ma nello stesso tempo cos\u00ec belle, sabato 30 settembre 2017, dalle ore 19:30 alle ore 01:00, si svolger\u00e0 la notte bianca a piazza del Popolo e Largo Seggiola, pedonalizzando per l&#8217;occasione anche le vie limitrofe a partire dalle 20:30&#8221;. Cos\u00ec [&hellip;]<\/p>\n","protected":false},"author":8,"featured_media":8651,"comment_status":"closed","ping_status":"open","sticky":false,"template":"","format":"standard","meta":{"ub_ctt_via":"","_mi_skip_tracking":false},"categories":[5],"tags":[],"featured_image_src":"https:\/\/www.messinaoggi.it\/website\/wp-content\/uploads\/2017\/09\/locandina-notte-bianca-piazza-del-popolo-e-largo-seggiola-2.png","author_info":{"display_name":"red..me","author_link":"https:\/\/www.messinaoggi.it\/website\/author\/redstage\/"},"digistream_id":0,"digistream":false,"_links":{"self":[{"href":"https:\/\/www.messinaoggi.it\/website\/wp-json\/wp\/v2\/posts\/8650"}],"collection":[{"href":"https:\/\/www.messinaoggi.it\/website\/wp-json\/wp\/v2\/posts"}],"about":[{"href":"https:\/\/www.messinaoggi.it\/website\/wp-json\/wp\/v2\/types\/post"}],"author":[{"embeddable":true,"href":"https:\/\/www.messinaoggi.it\/website\/wp-json\/wp\/v2\/users\/8"}],"replies":[{"embeddable":true,"href":"https:\/\/www.messinaoggi.it\/website\/wp-json\/wp\/v2\/comments?post=8650"}],"version-history":[{"count":0,"href":"https:\/\/www.messinaoggi.it\/website\/wp-json\/wp\/v2\/posts\/8650\/revisions"}],"wp:featuredmedia":[{"embeddable":true,"href":"https:\/\/www.messinaoggi.it\/website\/wp-json\/wp\/v2\/media\/8651"}],"wp:attachment":[{"href":"https:\/\/www.messinaoggi.it\/website\/wp-json\/wp\/v2\/media?parent=8650"}],"wp:term":[{"taxonomy":"category","embeddable":true,"href":"https:\/\/www.messinaoggi.it\/website\/wp-json\/wp\/v2\/categories?post=8650"},{"taxonomy":"post_tag","embeddable":true,"href":"https:\/\/www.messinaoggi.it\/website\/wp-json\/wp\/v2\/tags?post=8650"}],"curies":[{"name":"wp","href":"https:\/\/api.w.org\/{rel}","templated":true}]}}