{"id":8647,"date":"2017-09-29T10:00:08","date_gmt":"2017-09-29T08:00:08","guid":{"rendered":"http:\/\/www.messinaoggi.it\/website\/?p=8647"},"modified":"2017-09-29T10:00:08","modified_gmt":"2017-09-29T08:00:08","slug":"confedilizia-promuove-dibattito-sul-rischio-sismico-in-occazione-della-festa-del-condominio","status":"publish","type":"post","link":"https:\/\/www.messinaoggi.it\/website\/2017\/09\/29\/confedilizia-promuove-dibattito-sul-rischio-sismico-in-occazione-della-festa-del-condominio\/","title":{"rendered":"Confedilizia promuove dibattito sul rischio sismico in occasione della Festa del Condominio"},"content":{"rendered":"<p style=\"text-align: justify;\" align=\"JUSTIFY\"><span style=\"color: #000000;\">\u201c<span style=\"font-family: Arial, sans-serif;\"><span style=\"font-size: medium;\">Rischio sismico: sicurezza e risparmio\u201d. \u00c8 il titolo del dibattito promosso da Confedilizia che si terr\u00e0 sabato 30 settembre alla libreria Feltrinelli, in occasione della Festa del Condominio promossa ogni anno dalla stessa organizzazione dei proprietari di immobili in numerose citt\u00e0 italiane.<\/span><\/span><\/span><div id=\"div-gpt-ad-Messinaoggi.it-DSK-300x250-corpoart\" style=\"text-align:center;margin:0 auto;\"><\/div><\/p>\n<p style=\"text-align: justify;\" align=\"JUSTIFY\"><span style=\"color: #000000;\"><span style=\"font-family: Arial, sans-serif;\"><span style=\"font-size: medium;\">Ad aprire i lavori, che serviranno a fare il punto sulle novit\u00e0 normative in materia nonch\u00e9 sul \u201cbonus sisma\u201d, saranno Sebastiano Maio, presidente Confedilizia Messina, e Giorgio Muscolino, presidente Coram Messina (Coordinamento registri amministratori), alle 10.<\/span><\/span><\/span><div id=\"videoincontent\" style=\"clear:both\";><\/div><\/p>\n<p style=\"text-align: justify;\" align=\"JUSTIFY\"><span style=\"color: #000000;\"><span style=\"font-family: Arial, sans-serif;\"><span style=\"font-size: medium;\">Successivamente,Franz Riccobono, storico e presidente Associazione amici del Museo di Messina, interverr\u00e0 con la sua relazione \u201cTerremoti di Messina e cautele nella ricostruzione\u201d, mentre Francesco Triolo, membro dell&#8217;Ordine degli ingegneri, affronter\u00e0 il tema del \u201cRecupero edilizio e sistemi antisismici\u201d.<\/span><\/span><\/span><\/p>\n<p style=\"text-align: justify;\" align=\"JUSTIFY\"><span style=\"color: #000000;\"><span style=\"font-family: Arial, sans-serif;\"><span style=\"font-size: medium;\">Dopodich\u00e9, il dottor Federico Basile, revisore del Comune di Messina, approfondir\u00e0 ulteriormente le novit\u00e0 previste nell\u2019ambito del bonus sisma e degli incentivi fiscali previsti dalla normativa, mentre il dottor Gabriele Siracusano, agente UnipolSai, interverr\u00e0 sull\u2019Assicurazione per la casa contro il terremoto.<\/span><\/span><\/span><\/p>\n","protected":false},"excerpt":{"rendered":"<p>\u201cRischio sismico: sicurezza e risparmio\u201d. \u00c8 il titolo del dibattito promosso da Confedilizia che si terr\u00e0 sabato 30 settembre alla libreria Feltrinelli, in occasione della Festa del Condominio promossa ogni anno dalla stessa organizzazione dei proprietari di immobili in numerose citt\u00e0 italiane. Ad aprire i lavori, che serviranno a fare il punto sulle novit\u00e0 normative [&hellip;]<\/p>\n","protected":false},"author":8,"featured_media":8648,"comment_status":"closed","ping_status":"open","sticky":false,"template":"","format":"standard","meta":{"ub_ctt_via":"","_mi_skip_tracking":false},"categories":[5],"tags":[],"featured_image_src":"https:\/\/www.messinaoggi.it\/website\/wp-content\/uploads\/2017\/09\/casa-immobile-2.jpg","author_info":{"display_name":"red..me","author_link":"https:\/\/www.messinaoggi.it\/website\/author\/redstage\/"},"digistream_id":0,"digistream":false,"_links":{"self":[{"href":"https:\/\/www.messinaoggi.it\/website\/wp-json\/wp\/v2\/posts\/8647"}],"collection":[{"href":"https:\/\/www.messinaoggi.it\/website\/wp-json\/wp\/v2\/posts"}],"about":[{"href":"https:\/\/www.messinaoggi.it\/website\/wp-json\/wp\/v2\/types\/post"}],"author":[{"embeddable":true,"href":"https:\/\/www.messinaoggi.it\/website\/wp-json\/wp\/v2\/users\/8"}],"replies":[{"embeddable":true,"href":"https:\/\/www.messinaoggi.it\/website\/wp-json\/wp\/v2\/comments?post=8647"}],"version-history":[{"count":0,"href":"https:\/\/www.messinaoggi.it\/website\/wp-json\/wp\/v2\/posts\/8647\/revisions"}],"wp:featuredmedia":[{"embeddable":true,"href":"https:\/\/www.messinaoggi.it\/website\/wp-json\/wp\/v2\/media\/8648"}],"wp:attachment":[{"href":"https:\/\/www.messinaoggi.it\/website\/wp-json\/wp\/v2\/media?parent=8647"}],"wp:term":[{"taxonomy":"category","embeddable":true,"href":"https:\/\/www.messinaoggi.it\/website\/wp-json\/wp\/v2\/categories?post=8647"},{"taxonomy":"post_tag","embeddable":true,"href":"https:\/\/www.messinaoggi.it\/website\/wp-json\/wp\/v2\/tags?post=8647"}],"curies":[{"name":"wp","href":"https:\/\/api.w.org\/{rel}","templated":true}]}}