{"id":8642,"date":"2017-09-28T19:09:40","date_gmt":"2017-09-28T17:09:40","guid":{"rendered":"http:\/\/www.messinaoggi.it\/website\/?p=8642"},"modified":"2017-09-28T19:09:40","modified_gmt":"2017-09-28T17:09:40","slug":"clan-degli-attori-presentata-la-nuova-stagione-di-clan-off-teatro","status":"publish","type":"post","link":"https:\/\/www.messinaoggi.it\/website\/2017\/09\/28\/clan-degli-attori-presentata-la-nuova-stagione-di-clan-off-teatro\/","title":{"rendered":"Clan degli attori: presentata la nuova stagione di Clan off teatro"},"content":{"rendered":"<p style=\"text-align: justify\">Otto appuntamenti in cartellone, quattro prestigiose anteprime e due fuori programma, tre diversi laboratori e una rassegna per i pi\u00f9 piccoli; questa la proposta realizzata dall\u2019associazione culturale \u201cClan degli Attori\u201d, con la direzione artistica di Giovanni Maria Curr\u00f2 e Mauro Failla che mirano \u00a0ad animare lo spazio \u201cClan Off\u201d di via Trento.<div id=\"div-gpt-ad-Messinaoggi.it-DSK-300x250-corpoart\" style=\"text-align:center;margin:0 auto;\"><\/div><\/p>\n<p style=\"text-align: justify\">La nuova stagione imbastita da Failla e Curr\u00f2 quest\u2019anno vede la collaborazione della Rete di drammaturgia contemporanea Latitudini ed anche del SabirFest.<div id=\"videoincontent\" style=\"clear:both\";><\/div><\/p>\n<p><img loading=\"lazy\" class=\"alignnone wp-image-8643\" src=\"http:\/\/www.messinaoggi.it\/website\/wp-content\/uploads\/2017\/09\/Clan-degli-Attori_conferenza-stampa-1-300x117.jpg\" alt=\"\" width=\"521\" height=\"203\" \/><\/p>\n<p style=\"text-align: justify\">Tutto avr\u00e0 inizio \u00a0con quattro appuntamenti in anteprima in collaborazione con il SabirFest: gioved\u00ec prossimo andr\u00e0 in scena \u201cDoppio legame\u201d di Maria Pia Regoli e Salvatore Zinna, anche interprete, con la regia di Federico Magnano San Lio: una testimonianza sorprendente costruita sui verbali del maxiprocesso alla mafia istruito nel 1986 da Giovanni Falcone. La storia tragicomica di Enzuccio, pentito privo di credibilit\u00e0 e uomo che non conta nulla; piccolo, diseredato, brutto, cattivo, che rappresenta la sua paradossale ricerca di giustizia e dignit\u00e0 in un mondo dove \u201cessere qualcuno equivale a mentre essere nessuno equivale a non essere\u201d. Venerd\u00ec sar\u00e0 la volta di \u00a0\u00a0\u00a0\u201cFanculopensiero \u2013 Stanza 510\u201d, liberamente ispirato al romanzo (Fanculopensiero) di Maksim Cristan, diretto da \u00a0Simona Gonella e interpretato da \u00a0Ippolito Chiarello, \u00a0uno spettacolo che nasce dal forte desiderio di parlare del disagio cui spesso ci si trova a dover \u00a0far fronte quando ci sembra di aver perso la capacit\u00e0 di distinguere ci\u00f2 che realmente si desidera essere e si vuole fare da ci\u00f2 che, in qualche modo, si fa perch\u00e9 imposto o perch\u00e9 conseguenza di una incapacit\u00e0 di dire i no giusti al momento giusto.<\/p>\n<p><img loading=\"lazy\" class=\"alignnone wp-image-8644\" src=\"http:\/\/www.messinaoggi.it\/website\/wp-content\/uploads\/2017\/09\/Clan-degli-Attori_Curr\u00f2-Failla-2-300x180.jpg\" alt=\"\" width=\"425\" height=\"255\" \/><\/p>\n<p style=\"text-align: justify\">\u00a0Il 7 ottobre, l\u2019attore, drammaturgo, cuntista e regista trapanese Gaspare Balsamo propone \u201c\u2018U Ciclopu, Giuf\u00e0 e Firrazzanu\u201d. Balsamo torna a Messina con uno spettacolo di cunto liberamente ispirato al libro IX dell\u2019Odissea, a cui intreccia, attraverso una drammaturgia originale scritta e orale, alcuni racconti tipici della narrazione siciliana. Il giorno successivo, l\u20198 ottobre, sar\u00e0 la volta del premio Ubu Saverio La Ruina, il drammaturgo calabrese, fondatore insieme a Dario De Luca della compagnia Scena Verticale di Castrovillari, propone \u201cItalianesi\u201d, (Nomination Premio Ubu 2012 \u201cMigliore testo italiano\u201d), intenso monologo che indaga la condizione di estraneit\u00e0 degli italiani, migliaia tra soldati e civili che, alla fine della seconda guerra mondiale, rimangono intrappolati in Albania con l\u2019avvento del regime dittatoriale, costretti a vivere in un clima di terrore e oggetto di periodiche e violente persecuzioni. Una delle tante pagine della \u201cpiccola\u201d storia, quasi dimenticata nel fluire degli eventi della \u201cgrande\u201d storia, raccontata dal punto di vista di un uomo che vi nasce nel 1951 e vive quarant\u2019anni nel mito del padre e dell\u2019Italia che raggiunge nel 1991 a seguito della caduta del regime.<\/p>\n<p style=\"text-align: justify\">Unica replica per i quattro appuntamenti teatrali che, eccezionalmente, si terranno presso la Scalinata del Monte di Piet\u00e0 di Messina con inizio alle ore 21:30.<\/p>\n<p style=\"text-align: justify\">Questo \u00e8 soltanto un piccolo assaggio\u00a0 di quello che la stagione Clan Off offrir\u00e0 a partire dal prossimo fine settimana garantendo al suo pubblico infinite emozioni.<\/p>\n","protected":false},"excerpt":{"rendered":"<p>Otto appuntamenti in cartellone, quattro prestigiose anteprime e due fuori programma, tre diversi laboratori e una rassegna per i pi\u00f9 piccoli; questa la proposta realizzata dall\u2019associazione culturale \u201cClan degli Attori\u201d, con la direzione artistica di Giovanni Maria Curr\u00f2 e Mauro Failla che mirano \u00a0ad animare lo spazio \u201cClan Off\u201d di via Trento. La nuova stagione [&hellip;]<\/p>\n","protected":false},"author":5,"featured_media":8645,"comment_status":"closed","ping_status":"open","sticky":false,"template":"","format":"standard","meta":{"ub_ctt_via":"","_mi_skip_tracking":false},"categories":[17],"tags":[],"featured_image_src":"https:\/\/www.messinaoggi.it\/website\/wp-content\/uploads\/2017\/09\/Clan-degli-Attori_Spedale-Curro-Failla-1-2.jpg","author_info":{"display_name":"Maria Antonella Saia","author_link":"https:\/\/www.messinaoggi.it\/website\/author\/m-saia\/"},"digistream_id":0,"digistream":false,"_links":{"self":[{"href":"https:\/\/www.messinaoggi.it\/website\/wp-json\/wp\/v2\/posts\/8642"}],"collection":[{"href":"https:\/\/www.messinaoggi.it\/website\/wp-json\/wp\/v2\/posts"}],"about":[{"href":"https:\/\/www.messinaoggi.it\/website\/wp-json\/wp\/v2\/types\/post"}],"author":[{"embeddable":true,"href":"https:\/\/www.messinaoggi.it\/website\/wp-json\/wp\/v2\/users\/5"}],"replies":[{"embeddable":true,"href":"https:\/\/www.messinaoggi.it\/website\/wp-json\/wp\/v2\/comments?post=8642"}],"version-history":[{"count":0,"href":"https:\/\/www.messinaoggi.it\/website\/wp-json\/wp\/v2\/posts\/8642\/revisions"}],"wp:featuredmedia":[{"embeddable":true,"href":"https:\/\/www.messinaoggi.it\/website\/wp-json\/wp\/v2\/media\/8645"}],"wp:attachment":[{"href":"https:\/\/www.messinaoggi.it\/website\/wp-json\/wp\/v2\/media?parent=8642"}],"wp:term":[{"taxonomy":"category","embeddable":true,"href":"https:\/\/www.messinaoggi.it\/website\/wp-json\/wp\/v2\/categories?post=8642"},{"taxonomy":"post_tag","embeddable":true,"href":"https:\/\/www.messinaoggi.it\/website\/wp-json\/wp\/v2\/tags?post=8642"}],"curies":[{"name":"wp","href":"https:\/\/api.w.org\/{rel}","templated":true}]}}