{"id":86302,"date":"2021-11-06T17:07:38","date_gmt":"2021-11-06T16:07:38","guid":{"rendered":"https:\/\/www.messinaoggi.it\/website\/2021\/11\/06\/varata-la-moby-fantasy-il-traghetto-piu-grande-e-green-del-mondo\/"},"modified":"2021-11-06T17:07:38","modified_gmt":"2021-11-06T16:07:38","slug":"varata-la-moby-fantasy-il-traghetto-piu-grande-e-green-del-mondo","status":"publish","type":"post","link":"https:\/\/www.messinaoggi.it\/website\/2021\/11\/06\/varata-la-moby-fantasy-il-traghetto-piu-grande-e-green-del-mondo\/","title":{"rendered":"Varata la Moby Fantasy, il traghetto pi\u00f9 grande e green del mondo"},"content":{"rendered":"<div>MILANO (ITALPRESS) &#8211; E&#8217; stata varata questa mattina, presso il cantiere GSI di Guangzhou, la motonave Moby Fantasy, prima delle due unit\u00e0 di nuova generazione che entreranno in servizio a partire dal 2023.<br \/>Moby Fantasy \u00e8 una nave da record: con i suoi 237 metri di lunghezza per 32 di larghezza e una stazza di 69500 tonnellate, pu\u00f2 trasportare fino a 2500 passeggeri che alloggeranno nelle 550 cabine tutte con standard da nave da crociera, e grazie agli oltre 3800 metri lineari di garage pu\u00f2 trasportare fino a 1300 auto o 300 camion; la potenza del motore \u00e8 di 10,8 megawatt, per una velocit\u00e0 di crociera di 23,5 nodi, con punte di 25 nodi.<br \/>Moby Fantasy \u00e8 il traghetto pi\u00f9 grande del mondo e sar\u00e0 uno straordinario volano per l&#8217;economia di Livorno, di Olbia e della Sardegna, creando oltre 500 posti di lavoro fra diretti e dell&#8217;indotto.<br \/>La rivoluzione nel concetto di traghetto cos\u00ec come lo conosciamo oggi, sar\u00e0 in ogni particolare: arredi, dotazioni e cabine sono pi\u00f9 simili a quelle di una nave da crociera rispetto a quelli che siamo abituati a conoscere sui ferries. Con ogni particolare studiato per assicurare massima qualit\u00e0: nelle cabine e negli spazi comuni, come sempre tesi ad offrire ai viaggiatori i migliori standard possibili di servizi di bordo.<br \/>E importantissima, sia nella Moby Fantasy, sia nella sua nave gemella sempre in costruzione nei cantieri GSI, sar\u00e0 l&#8217;attenzione alla tutela dell&#8217;ambiente e alla transizione energetica ed ecologica al centro delle scelte fatte a bordo: le navi sono infatti fornite di una serie di dotazioni che permetteranno di abbattere le emissioni. E ci sar\u00e0 anche la possibilit\u00e0 di passare dall&#8217;alimentazione tradizionale a quella a gas naturale liquefatto GNL, il carburante pi\u00f9 pulito esistente nel settore.<br \/>Con il varo di oggi si scrive una nuova, decisiva e importantissima pagina nella storia di Moby, ma anche in quella della marineria italiana e mondiale, con il varo del traghetto pi\u00f9 grande e pi\u00f9 green di sempre, che insieme alla nave gemella Moby Legacy sar\u00e0 al centro del nuovo piano industriale e di sviluppo di Moby.<br \/>(ITALPRESS).<\/div>\n<div id=\"div-gpt-ad-Messinaoggi.it-DSK-300x250-corpoart\" style=\"text-align:center;margin:0 auto;\"><\/div><\/p><div id=\"videoincontent\" style=\"clear:both\";><\/div>","protected":false},"excerpt":{"rendered":"<p>MILANO (ITALPRESS) &#8211; E&#8217; stata varata questa mattina, presso il cantiere GSI di Guangzhou, la motonave Moby Fantasy, prima delle due unit\u00e0 di nuova generazione che entreranno in servizio a partire dal 2023.Moby Fantasy \u00e8 una nave da record: con i suoi 237 metri di lunghezza per 32 di larghezza e una stazza di 69500 [&hellip;]<\/p>\n","protected":false},"author":18,"featured_media":86303,"comment_status":"closed","ping_status":"closed","sticky":false,"template":"","format":"standard","meta":{"ub_ctt_via":"","_mi_skip_tracking":false},"categories":[446],"tags":[783],"featured_image_src":"https:\/\/www.messinaoggi.it\/website\/wp-content\/uploads\/2021\/11\/20211106_1075.jpg","author_info":{"display_name":"Admin","author_link":"https:\/\/www.messinaoggi.it\/website\/author\/admin\/"},"digistream_id":0,"digistream":false,"_links":{"self":[{"href":"https:\/\/www.messinaoggi.it\/website\/wp-json\/wp\/v2\/posts\/86302"}],"collection":[{"href":"https:\/\/www.messinaoggi.it\/website\/wp-json\/wp\/v2\/posts"}],"about":[{"href":"https:\/\/www.messinaoggi.it\/website\/wp-json\/wp\/v2\/types\/post"}],"author":[{"embeddable":true,"href":"https:\/\/www.messinaoggi.it\/website\/wp-json\/wp\/v2\/users\/18"}],"replies":[{"embeddable":true,"href":"https:\/\/www.messinaoggi.it\/website\/wp-json\/wp\/v2\/comments?post=86302"}],"version-history":[{"count":0,"href":"https:\/\/www.messinaoggi.it\/website\/wp-json\/wp\/v2\/posts\/86302\/revisions"}],"wp:featuredmedia":[{"embeddable":true,"href":"https:\/\/www.messinaoggi.it\/website\/wp-json\/wp\/v2\/media\/86303"}],"wp:attachment":[{"href":"https:\/\/www.messinaoggi.it\/website\/wp-json\/wp\/v2\/media?parent=86302"}],"wp:term":[{"taxonomy":"category","embeddable":true,"href":"https:\/\/www.messinaoggi.it\/website\/wp-json\/wp\/v2\/categories?post=86302"},{"taxonomy":"post_tag","embeddable":true,"href":"https:\/\/www.messinaoggi.it\/website\/wp-json\/wp\/v2\/tags?post=86302"}],"curies":[{"name":"wp","href":"https:\/\/api.w.org\/{rel}","templated":true}]}}