{"id":86290,"date":"2021-11-06T15:25:44","date_gmt":"2021-11-06T14:25:44","guid":{"rendered":"http:\/\/www.messinaoggi.it\/website\/?p=86290"},"modified":"2021-11-06T15:27:00","modified_gmt":"2021-11-06T14:27:00","slug":"tangenziale-i-pali-della-luce-si-piegano","status":"publish","type":"post","link":"https:\/\/www.messinaoggi.it\/website\/2021\/11\/06\/tangenziale-i-pali-della-luce-si-piegano\/","title":{"rendered":"Tangenziale, i pali della luce si piegano"},"content":{"rendered":"\n<p>\u00c8 piegato su stesso, quasi fosse l&#8217;immagine-simbolo di un&#8217;autostrada disastrata. Il peggio \u00e8 che non lo vede nessuno, visto che il palo dell&#8217;illuminazione in questione \u00e8 in quella posizione da diversi mesi e si trova a pochi metri dalla barriera autostradale di Messina Sud Tremestieri. Per quanto tempo rimarr\u00e0 li non \u00e8 dato a sapersi, ma di certo rappresenta un triste biglietto per quanti percorrono la tangenziale e sono diretti a Catania.<div id=\"div-gpt-ad-Messinaoggi.it-DSK-300x250-corpoart\" style=\"text-align:center;margin:0 auto;\"><\/div><\/p>\n<div id=\"videoincontent\" style=\"clear:both\";><\/div>","protected":false},"excerpt":{"rendered":"<p>\u00c8 piegato su stesso, quasi fosse l&#8217;immagine-simbolo di un&#8217;autostrada disastrata. Il peggio \u00e8 che non lo vede nessuno, visto che il palo dell&#8217;illuminazione in questione \u00e8 in quella posizione da diversi mesi e si trova a pochi metri dalla barriera autostradale di Messina Sud Tremestieri. Per quanto tempo rimarr\u00e0 li non \u00e8 dato a sapersi, [&hellip;]<\/p>\n","protected":false},"author":4,"featured_media":86292,"comment_status":"open","ping_status":"open","sticky":false,"template":"","format":"standard","meta":{"ub_ctt_via":"","_mi_skip_tracking":false},"categories":[5],"tags":[1584],"featured_image_src":"https:\/\/www.messinaoggi.it\/website\/wp-content\/uploads\/2021\/11\/20211106_080439-scaled.jpg","author_info":{"display_name":"redme","author_link":"https:\/\/www.messinaoggi.it\/website\/author\/redme\/"},"digistream_id":0,"digistream":false,"_links":{"self":[{"href":"https:\/\/www.messinaoggi.it\/website\/wp-json\/wp\/v2\/posts\/86290"}],"collection":[{"href":"https:\/\/www.messinaoggi.it\/website\/wp-json\/wp\/v2\/posts"}],"about":[{"href":"https:\/\/www.messinaoggi.it\/website\/wp-json\/wp\/v2\/types\/post"}],"author":[{"embeddable":true,"href":"https:\/\/www.messinaoggi.it\/website\/wp-json\/wp\/v2\/users\/4"}],"replies":[{"embeddable":true,"href":"https:\/\/www.messinaoggi.it\/website\/wp-json\/wp\/v2\/comments?post=86290"}],"version-history":[{"count":1,"href":"https:\/\/www.messinaoggi.it\/website\/wp-json\/wp\/v2\/posts\/86290\/revisions"}],"predecessor-version":[{"id":86293,"href":"https:\/\/www.messinaoggi.it\/website\/wp-json\/wp\/v2\/posts\/86290\/revisions\/86293"}],"wp:featuredmedia":[{"embeddable":true,"href":"https:\/\/www.messinaoggi.it\/website\/wp-json\/wp\/v2\/media\/86292"}],"wp:attachment":[{"href":"https:\/\/www.messinaoggi.it\/website\/wp-json\/wp\/v2\/media?parent=86290"}],"wp:term":[{"taxonomy":"category","embeddable":true,"href":"https:\/\/www.messinaoggi.it\/website\/wp-json\/wp\/v2\/categories?post=86290"},{"taxonomy":"post_tag","embeddable":true,"href":"https:\/\/www.messinaoggi.it\/website\/wp-json\/wp\/v2\/tags?post=86290"}],"curies":[{"name":"wp","href":"https:\/\/api.w.org\/{rel}","templated":true}]}}