{"id":86238,"date":"2021-11-05T20:07:37","date_gmt":"2021-11-05T19:07:37","guid":{"rendered":"https:\/\/www.messinaoggi.it\/website\/2021\/11\/05\/mancini-convoca-28-azzurri-pobega-la-novita\/"},"modified":"2021-11-05T20:07:37","modified_gmt":"2021-11-05T19:07:37","slug":"mancini-convoca-28-azzurri-pobega-la-novita","status":"publish","type":"post","link":"https:\/\/www.messinaoggi.it\/website\/2021\/11\/05\/mancini-convoca-28-azzurri-pobega-la-novita\/","title":{"rendered":"Mancini convoca 28 azzurri, Pobega la novit\u00e0"},"content":{"rendered":"<div>ROMA (ITALPRESS) &#8211; Il commissario tecnico della Nazionale campione d&#8217;Europa, Roberto Mancini, ha convocato 28 azzurri per le gare con Svizzera e Irlanda del Nord, in programma rispettivamente venerd\u00ec 12 novembre allo Stadio Olimpico di Roma e luned\u00ec 15 novembre al &#8216;National Football Stadium at Windsor Park&#8217; di Belfast. Prima chiamata in Nazionale per il centrocampista del Torino Tommaso Pobega, mentre torna a distanza di un anno dall&#8217;ultima convocazione Sandro Tonali.<br \/>Saranno 180 minuti decisivi per la qualificazione alla Coppa del Mondo. Il match tra Italia e Svizzera, appaiate a quota 14 punti al comando del Gruppo C, rappresenta un vero e proprio spareggio per il primo posto del girone che vale l&#8217;accesso diretto a Qatar 2022. Gli azzurri si raduneranno domenica sera al centro tecnico federale di Coverciano e raggiungeranno Roma mercoled\u00ec 10 novembre, quando \u00e8 prevista la visita all&#8217;Ospedale Pediatrico &#8216;Bambino Ges\u00f9&#8217;. La Nazionale si fermer\u00e0 nella Capitale dopo la gara con la Svizzera per trasferirsi domenica 14 novembre a Belfast, dove il giorno seguente \u00e8 in programma l&#8217;ultima gara del girone con l&#8217;Irlanda del Nord. <br \/>L&#8217;elenco dei convocati: Portieri: Alessio Cragno (Cagliari), Gianluigi Donnarumma (Paris Saint Germain), Alex Meret (Napoli), Salvatore Sirigu (Genoa). Difensori: Francesco Acerbi (Lazio), Alessandro Bastoni (Inter), Cristiano Biraghi (Fiorentina), Leonardo Bonucci (Juventus), Davide Calabria (Milan), Giorgio Chiellini (Juventus), Giovanni Di Lorenzo (Napoli), Emerson Palmieri (Lione), Gianluca Mancini (Roma).<br \/>Centrocampisti: Nicol\u00f2 Barella (Inter), Bryan Cristante (Roma), Jorginho (Chelsea), Manuel Locatelli (Juventus), Lorenzo Pellegrini (Roma), Tommaso Pobega (Torino), Sandro Tonali (Milan), Nicol\u00f2 Zaniolo (Roma).<br \/>Attaccanti: Andrea Belotti (Torino), Domenico Berardi (Sassuolo), Federico Bernardeschi (Juventus), Federico Chiesa (Juventus), Ciro Immobile (Lazio), Lorenzo Insigne (Napoli), Giacomo Raspadori (Sassuolo).<br \/>(ITALPRESS).<\/div>\n<div id=\"div-gpt-ad-Messinaoggi.it-DSK-300x250-corpoart\" style=\"text-align:center;margin:0 auto;\"><\/div><\/p><div id=\"videoincontent\" style=\"clear:both\";><\/div>","protected":false},"excerpt":{"rendered":"<p>ROMA (ITALPRESS) &#8211; Il commissario tecnico della Nazionale campione d&#8217;Europa, Roberto Mancini, ha convocato 28 azzurri per le gare con Svizzera e Irlanda del Nord, in programma rispettivamente venerd\u00ec 12 novembre allo Stadio Olimpico di Roma e luned\u00ec 15 novembre al &#8216;National Football Stadium at Windsor Park&#8217; di Belfast. Prima chiamata in Nazionale per il [&hellip;]<\/p>\n","protected":false},"author":18,"featured_media":86239,"comment_status":"closed","ping_status":"closed","sticky":false,"template":"","format":"standard","meta":{"ub_ctt_via":"","_mi_skip_tracking":false},"categories":[446],"tags":[783],"featured_image_src":"https:\/\/www.messinaoggi.it\/website\/wp-content\/uploads\/2021\/11\/20210610_0719.jpg","author_info":{"display_name":"Admin","author_link":"https:\/\/www.messinaoggi.it\/website\/author\/admin\/"},"digistream_id":0,"digistream":false,"_links":{"self":[{"href":"https:\/\/www.messinaoggi.it\/website\/wp-json\/wp\/v2\/posts\/86238"}],"collection":[{"href":"https:\/\/www.messinaoggi.it\/website\/wp-json\/wp\/v2\/posts"}],"about":[{"href":"https:\/\/www.messinaoggi.it\/website\/wp-json\/wp\/v2\/types\/post"}],"author":[{"embeddable":true,"href":"https:\/\/www.messinaoggi.it\/website\/wp-json\/wp\/v2\/users\/18"}],"replies":[{"embeddable":true,"href":"https:\/\/www.messinaoggi.it\/website\/wp-json\/wp\/v2\/comments?post=86238"}],"version-history":[{"count":0,"href":"https:\/\/www.messinaoggi.it\/website\/wp-json\/wp\/v2\/posts\/86238\/revisions"}],"wp:featuredmedia":[{"embeddable":true,"href":"https:\/\/www.messinaoggi.it\/website\/wp-json\/wp\/v2\/media\/86239"}],"wp:attachment":[{"href":"https:\/\/www.messinaoggi.it\/website\/wp-json\/wp\/v2\/media?parent=86238"}],"wp:term":[{"taxonomy":"category","embeddable":true,"href":"https:\/\/www.messinaoggi.it\/website\/wp-json\/wp\/v2\/categories?post=86238"},{"taxonomy":"post_tag","embeddable":true,"href":"https:\/\/www.messinaoggi.it\/website\/wp-json\/wp\/v2\/tags?post=86238"}],"curies":[{"name":"wp","href":"https:\/\/api.w.org\/{rel}","templated":true}]}}