{"id":86177,"date":"2021-11-05T15:07:34","date_gmt":"2021-11-05T14:07:34","guid":{"rendered":"https:\/\/www.messinaoggi.it\/website\/2021\/11\/05\/vaccino-locatelli-terza-dose-largamente-sicura\/"},"modified":"2021-11-05T15:07:34","modified_gmt":"2021-11-05T14:07:34","slug":"vaccino-locatelli-terza-dose-largamente-sicura","status":"publish","type":"post","link":"https:\/\/www.messinaoggi.it\/website\/2021\/11\/05\/vaccino-locatelli-terza-dose-largamente-sicura\/","title":{"rendered":"Vaccino, Locatelli \u201cTerza dose largamente sicura\u201d"},"content":{"rendered":"<div>ROMA (ITALPRESS) &#8211; &#8220;La terza dose \u00e8 largamente sicura, io l&#8217;ho ricevuta senza il minimo problema, e conferisce ulteriore protezione&#8221;. Lo ha detto Franco Locatelli, coordinatore del Cts, in conferenza stampa. &#8220;Vorrei ricordare quanto detto dal ministro tedesco che ha parlato di pandemia dei non vaccinati. Il rischio di essere infettati e sviluppare una patologia grave \u00e8 significativamente diverso tra chi \u00e8 vaccinato e chi non \u00e8 vaccinato&#8221;. Lo ha detto Franco Locatelli, coordinatore del Cts, in conferenza stampa. &#8220;E&#8217; evidente che vi \u00e8 un lavoro da continuare e sviluppare&#8221; sulla campagna vaccinale. &#8220;Se ci paragoniamo alla Germania, noi abbiamo quasi il 9% in pi\u00f9 di soggetti vaccinati sull&#8217;intera popolazione; dobbiamo incrementare la vaccinazione in cui ancora non ha ricevuto la prima dose, sottolineando l&#8217;importanza della terza dose negli over 60 e fragili&#8221;, ha aggiunto. Locatelli ha sottolineato anche l&#8217;importanza &#8220;della responsabilit\u00e0 nei comportamenti individuali, evitando gli assembramenti, mantenere le distanze e indossare le mascherine&#8221;.<br \/>(ITALPRESS).<\/div>\n<div id=\"div-gpt-ad-Messinaoggi.it-DSK-300x250-corpoart\" style=\"text-align:center;margin:0 auto;\"><\/div><\/p><div id=\"videoincontent\" style=\"clear:both\";><\/div>","protected":false},"excerpt":{"rendered":"<p>ROMA (ITALPRESS) &#8211; &#8220;La terza dose \u00e8 largamente sicura, io l&#8217;ho ricevuta senza il minimo problema, e conferisce ulteriore protezione&#8221;. Lo ha detto Franco Locatelli, coordinatore del Cts, in conferenza stampa. &#8220;Vorrei ricordare quanto detto dal ministro tedesco che ha parlato di pandemia dei non vaccinati. Il rischio di essere infettati e sviluppare una patologia [&hellip;]<\/p>\n","protected":false},"author":18,"featured_media":86178,"comment_status":"closed","ping_status":"closed","sticky":false,"template":"","format":"standard","meta":{"ub_ctt_via":"","_mi_skip_tracking":false},"categories":[446],"tags":[783],"featured_image_src":"https:\/\/www.messinaoggi.it\/website\/wp-content\/uploads\/2021\/11\/20211105_0962.jpg","author_info":{"display_name":"Admin","author_link":"https:\/\/www.messinaoggi.it\/website\/author\/admin\/"},"digistream_id":0,"digistream":false,"_links":{"self":[{"href":"https:\/\/www.messinaoggi.it\/website\/wp-json\/wp\/v2\/posts\/86177"}],"collection":[{"href":"https:\/\/www.messinaoggi.it\/website\/wp-json\/wp\/v2\/posts"}],"about":[{"href":"https:\/\/www.messinaoggi.it\/website\/wp-json\/wp\/v2\/types\/post"}],"author":[{"embeddable":true,"href":"https:\/\/www.messinaoggi.it\/website\/wp-json\/wp\/v2\/users\/18"}],"replies":[{"embeddable":true,"href":"https:\/\/www.messinaoggi.it\/website\/wp-json\/wp\/v2\/comments?post=86177"}],"version-history":[{"count":0,"href":"https:\/\/www.messinaoggi.it\/website\/wp-json\/wp\/v2\/posts\/86177\/revisions"}],"wp:featuredmedia":[{"embeddable":true,"href":"https:\/\/www.messinaoggi.it\/website\/wp-json\/wp\/v2\/media\/86178"}],"wp:attachment":[{"href":"https:\/\/www.messinaoggi.it\/website\/wp-json\/wp\/v2\/media?parent=86177"}],"wp:term":[{"taxonomy":"category","embeddable":true,"href":"https:\/\/www.messinaoggi.it\/website\/wp-json\/wp\/v2\/categories?post=86177"},{"taxonomy":"post_tag","embeddable":true,"href":"https:\/\/www.messinaoggi.it\/website\/wp-json\/wp\/v2\/tags?post=86177"}],"curies":[{"name":"wp","href":"https:\/\/api.w.org\/{rel}","templated":true}]}}