{"id":86100,"date":"2021-11-04T22:07:34","date_gmt":"2021-11-04T21:07:34","guid":{"rendered":"https:\/\/www.messinaoggi.it\/website\/2021\/11\/04\/lega-salvini-a-dicembre-conferenza-programmatica\/"},"modified":"2021-11-04T22:07:34","modified_gmt":"2021-11-04T21:07:34","slug":"lega-salvini-a-dicembre-conferenza-programmatica","status":"publish","type":"post","link":"https:\/\/www.messinaoggi.it\/website\/2021\/11\/04\/lega-salvini-a-dicembre-conferenza-programmatica\/","title":{"rendered":"Lega, Salvini \u201cA dicembre conferenza programmatica\u201d"},"content":{"rendered":"<div>ROMA (ITALPRESS) &#8211; &#8220;Mi interessa parlare di flat tax o bonus ai genitori separati. Mi appassionano i temi concreti. Non altro&#8221;. Lo ha detto il leader della Lega Matteo Salvini, nel suo intervento al Consiglio federale del partito.<br \/>&#8220;Il Ppe non \u00e8 mai stato cos\u00ec debole, \u00e8 impensabile entrare nel Partito popolare anche perch\u00e8 \u00e8 subalterno alla sinistra. E noi siamo alternativi alla sinistra&#8221;, ha aggiunto Salvini, che ha annunciato: &#8220;L&#8217;11 e 12 dicembre la Lega far\u00e0 una conferenza programmatica a Roma per sancire, aggiornare e decidere i binari su cui viaggiamo&#8221;. Per Salvini &#8220;la visione della Lega \u00e8 vincente, ne sono convinto. Non inseguiamo la sinistra, perch\u00e8 altrimenti perdiamo&#8221;.<br \/>Subito dopo sono cominciati gli interventi, a partire da Giancarlo Giorgetti: tutti coloro che stanno intervenendo in Consiglio Federale, a partire dal ministro, ribadiscono totale fiducia nell&#8217;attivit\u00e0, nella visione e nella strategia del segretario Salvini, riferiscono fonti della Lega.<br \/>(ITALPRESS).<\/div>\n<div id=\"div-gpt-ad-Messinaoggi.it-DSK-300x250-corpoart\" style=\"text-align:center;margin:0 auto;\"><\/div><\/p><div id=\"videoincontent\" style=\"clear:both\";><\/div>","protected":false},"excerpt":{"rendered":"<p>ROMA (ITALPRESS) &#8211; &#8220;Mi interessa parlare di flat tax o bonus ai genitori separati. Mi appassionano i temi concreti. Non altro&#8221;. Lo ha detto il leader della Lega Matteo Salvini, nel suo intervento al Consiglio federale del partito.&#8220;Il Ppe non \u00e8 mai stato cos\u00ec debole, \u00e8 impensabile entrare nel Partito popolare anche perch\u00e8 \u00e8 subalterno [&hellip;]<\/p>\n","protected":false},"author":18,"featured_media":86101,"comment_status":"closed","ping_status":"closed","sticky":false,"template":"","format":"standard","meta":{"ub_ctt_via":"","_mi_skip_tracking":false},"categories":[446],"tags":[783],"featured_image_src":"https:\/\/www.messinaoggi.it\/website\/wp-content\/uploads\/2021\/11\/20211104_2720.jpg","author_info":{"display_name":"Admin","author_link":"https:\/\/www.messinaoggi.it\/website\/author\/admin\/"},"digistream_id":0,"digistream":false,"_links":{"self":[{"href":"https:\/\/www.messinaoggi.it\/website\/wp-json\/wp\/v2\/posts\/86100"}],"collection":[{"href":"https:\/\/www.messinaoggi.it\/website\/wp-json\/wp\/v2\/posts"}],"about":[{"href":"https:\/\/www.messinaoggi.it\/website\/wp-json\/wp\/v2\/types\/post"}],"author":[{"embeddable":true,"href":"https:\/\/www.messinaoggi.it\/website\/wp-json\/wp\/v2\/users\/18"}],"replies":[{"embeddable":true,"href":"https:\/\/www.messinaoggi.it\/website\/wp-json\/wp\/v2\/comments?post=86100"}],"version-history":[{"count":0,"href":"https:\/\/www.messinaoggi.it\/website\/wp-json\/wp\/v2\/posts\/86100\/revisions"}],"wp:featuredmedia":[{"embeddable":true,"href":"https:\/\/www.messinaoggi.it\/website\/wp-json\/wp\/v2\/media\/86101"}],"wp:attachment":[{"href":"https:\/\/www.messinaoggi.it\/website\/wp-json\/wp\/v2\/media?parent=86100"}],"wp:term":[{"taxonomy":"category","embeddable":true,"href":"https:\/\/www.messinaoggi.it\/website\/wp-json\/wp\/v2\/categories?post=86100"},{"taxonomy":"post_tag","embeddable":true,"href":"https:\/\/www.messinaoggi.it\/website\/wp-json\/wp\/v2\/tags?post=86100"}],"curies":[{"name":"wp","href":"https:\/\/api.w.org\/{rel}","templated":true}]}}