{"id":8585,"date":"2017-09-28T11:46:25","date_gmt":"2017-09-28T09:46:25","guid":{"rendered":"http:\/\/www.messinaoggi.it\/website\/?p=8585"},"modified":"2017-09-28T11:46:25","modified_gmt":"2017-09-28T09:46:25","slug":"cgil-manifestazione-contro-la-violenza-sulle-donne","status":"publish","type":"post","link":"https:\/\/www.messinaoggi.it\/website\/2017\/09\/28\/cgil-manifestazione-contro-la-violenza-sulle-donne\/","title":{"rendered":"Cgil: manifestazione contro la violenza sulle donne"},"content":{"rendered":"<p style=\"text-align: justify\">Sabato 30 settembre la Cgil sar\u00e0 a piazza Cairoli per la manifestazione di denuncia e sensibilizzazione contro la violenza sulle donne. <strong>\u201cUna mobilitazione che \u00e8 di tutti\u201d<\/strong>, evidenzia <strong>Clara Croc\u00e8<\/strong> segretaria della Cgil Messina. Un appello rivolto a tutti per evidenziare il fatto che davanti a un dramma del genere l&#8217;impegno deve essere corale e costante nel tempo. L&#8217;iniziativa ha gi\u00e0 ricevuto molte adesioni dal mondo della cultura, dell&#8217;associazionismo, del giornalismo e dello sport. Sar\u00e0 un momento di forte riflessione che dovr\u00e0 poi concretizzarsi dicendo basta alla sopraffazione della donna. La violenza psiciologica unita a quella fisica rende la donna incapace di reagire. Bisogna denunciare e ribellarsi davanti a tali atti. Il silenzio e la paura possono aggravare ulteriormente lasituazione.<\/p>\n<p style=\"text-align: justify\">\u201cDiamo una risposta forte contro la violenza sulle donne\u201d, questo il messaggio e l&#8217;invito rivolto alla cittadinanza tutta.<\/p>\n<p>&nbsp;<\/p>\n<p style=\"text-align: right\">Erika Oppedisano<\/p>\n","protected":false},"excerpt":{"rendered":"<p>Sabato 30 settembre la Cgil sar\u00e0 a piazza Cairoli per la manifestazione di denuncia e sensibilizzazione contro la violenza sulle donne. \u201cUna mobilitazione che \u00e8 di tutti\u201d, evidenzia Clara Croc\u00e8 segretaria della Cgil Messina. Un appello rivolto a tutti per evidenziare il fatto che davanti a un dramma del genere l&#8217;impegno deve essere corale e [&hellip;]<\/p>\n","protected":false},"author":8,"featured_media":8589,"comment_status":"closed","ping_status":"open","sticky":false,"template":"","format":"standard","meta":{"ub_ctt_via":"","_mi_skip_tracking":false},"categories":[5],"tags":[],"featured_image_src":"https:\/\/www.messinaoggi.it\/website\/wp-content\/uploads\/2017\/09\/violenza-sulle-donne-manifestazione-cgil-2.jpeg","author_info":{"display_name":"red..me","author_link":"https:\/\/www.messinaoggi.it\/website\/author\/redstage\/"},"digistream_id":0,"digistream":false,"_links":{"self":[{"href":"https:\/\/www.messinaoggi.it\/website\/wp-json\/wp\/v2\/posts\/8585"}],"collection":[{"href":"https:\/\/www.messinaoggi.it\/website\/wp-json\/wp\/v2\/posts"}],"about":[{"href":"https:\/\/www.messinaoggi.it\/website\/wp-json\/wp\/v2\/types\/post"}],"author":[{"embeddable":true,"href":"https:\/\/www.messinaoggi.it\/website\/wp-json\/wp\/v2\/users\/8"}],"replies":[{"embeddable":true,"href":"https:\/\/www.messinaoggi.it\/website\/wp-json\/wp\/v2\/comments?post=8585"}],"version-history":[{"count":0,"href":"https:\/\/www.messinaoggi.it\/website\/wp-json\/wp\/v2\/posts\/8585\/revisions"}],"wp:featuredmedia":[{"embeddable":true,"href":"https:\/\/www.messinaoggi.it\/website\/wp-json\/wp\/v2\/media\/8589"}],"wp:attachment":[{"href":"https:\/\/www.messinaoggi.it\/website\/wp-json\/wp\/v2\/media?parent=8585"}],"wp:term":[{"taxonomy":"category","embeddable":true,"href":"https:\/\/www.messinaoggi.it\/website\/wp-json\/wp\/v2\/categories?post=8585"},{"taxonomy":"post_tag","embeddable":true,"href":"https:\/\/www.messinaoggi.it\/website\/wp-json\/wp\/v2\/tags?post=8585"}],"curies":[{"name":"wp","href":"https:\/\/api.w.org\/{rel}","templated":true}]}}