{"id":85816,"date":"2021-11-03T00:07:33","date_gmt":"2021-11-02T23:07:33","guid":{"rendered":"https:\/\/www.messinaoggi.it\/website\/2021\/11\/02\/quirinale-conte-nessuna-preclusione-su-draghi-ma-no-elezioni\/"},"modified":"2021-11-03T08:15:38","modified_gmt":"2021-11-03T07:15:38","slug":"quirinale-conte-nessuna-preclusione-su-draghi-ma-no-elezioni","status":"publish","type":"post","link":"https:\/\/www.messinaoggi.it\/website\/2021\/11\/03\/quirinale-conte-nessuna-preclusione-su-draghi-ma-no-elezioni\/","title":{"rendered":"Quirinale, Conte \u201cNessuna preclusione su Draghi, ma no elezioni\u201d"},"content":{"rendered":"<div>ROMA (ITALPRESS) &#8211; &#8220;Ho risposto a una domanda se c&#8217;erano preclusioni sul premier Draghi verso la salita per il Quirinale, ovviamente no. Ci impegneremo con il Movimento cinque stelle perch\u00e8 sia una figura di alto profilo, che possa essere una garanzia per l&#8217;unit\u00e0 nazionale. Perch\u00e8 escludere Draghi? Questo non significa che un attimo dopo si vada ad elezioni. Questo governo \u00e8 nato perch\u00e8 non c&#8217;erano le condizioni per andare alle elezioni. Se l&#8217;obiettivo \u00e8 mettere in sicurezza il Paese e avviare il Pnrr, andare alle elezioni diventa una soluzione imprudente&#8221;. A dirlo il leader del Movimento cinque stelle Giuseppe Conte a Porta a Porta. &#8220;Qualunque sia la soluzione non ravviso motivi per andare a votare&#8221; aggiunge.<br \/>(ITALPRESS).<\/div>\n<div id=\"div-gpt-ad-Messinaoggi.it-DSK-300x250-corpoart\" style=\"text-align:center;margin:0 auto;\"><\/div><\/p><div id=\"videoincontent\" style=\"clear:both\";><\/div>","protected":false},"excerpt":{"rendered":"<p>ROMA (ITALPRESS) &#8211; &#8220;Ho risposto a una domanda se c&#8217;erano preclusioni sul premier Draghi verso la salita per il Quirinale, ovviamente no. Ci impegneremo con il Movimento cinque stelle perch\u00e8 sia una figura di alto profilo, che possa essere una garanzia per l&#8217;unit\u00e0 nazionale. Perch\u00e8 escludere Draghi? Questo non significa che un attimo dopo si [&hellip;]<\/p>\n","protected":false},"author":18,"featured_media":85817,"comment_status":"closed","ping_status":"closed","sticky":false,"template":"","format":"standard","meta":{"ub_ctt_via":"","_mi_skip_tracking":false},"categories":[446,4],"tags":[783],"featured_image_src":"https:\/\/www.messinaoggi.it\/website\/wp-content\/uploads\/2021\/11\/20211102_1989.jpg","author_info":{"display_name":"Admin","author_link":"https:\/\/www.messinaoggi.it\/website\/author\/admin\/"},"digistream_id":0,"digistream":false,"_links":{"self":[{"href":"https:\/\/www.messinaoggi.it\/website\/wp-json\/wp\/v2\/posts\/85816"}],"collection":[{"href":"https:\/\/www.messinaoggi.it\/website\/wp-json\/wp\/v2\/posts"}],"about":[{"href":"https:\/\/www.messinaoggi.it\/website\/wp-json\/wp\/v2\/types\/post"}],"author":[{"embeddable":true,"href":"https:\/\/www.messinaoggi.it\/website\/wp-json\/wp\/v2\/users\/18"}],"replies":[{"embeddable":true,"href":"https:\/\/www.messinaoggi.it\/website\/wp-json\/wp\/v2\/comments?post=85816"}],"version-history":[{"count":1,"href":"https:\/\/www.messinaoggi.it\/website\/wp-json\/wp\/v2\/posts\/85816\/revisions"}],"predecessor-version":[{"id":85823,"href":"https:\/\/www.messinaoggi.it\/website\/wp-json\/wp\/v2\/posts\/85816\/revisions\/85823"}],"wp:featuredmedia":[{"embeddable":true,"href":"https:\/\/www.messinaoggi.it\/website\/wp-json\/wp\/v2\/media\/85817"}],"wp:attachment":[{"href":"https:\/\/www.messinaoggi.it\/website\/wp-json\/wp\/v2\/media?parent=85816"}],"wp:term":[{"taxonomy":"category","embeddable":true,"href":"https:\/\/www.messinaoggi.it\/website\/wp-json\/wp\/v2\/categories?post=85816"},{"taxonomy":"post_tag","embeddable":true,"href":"https:\/\/www.messinaoggi.it\/website\/wp-json\/wp\/v2\/tags?post=85816"}],"curies":[{"name":"wp","href":"https:\/\/api.w.org\/{rel}","templated":true}]}}