{"id":85804,"date":"2021-11-02T19:07:34","date_gmt":"2021-11-02T18:07:34","guid":{"rendered":"https:\/\/www.messinaoggi.it\/website\/2021\/11\/02\/cambiamento-climatico-papa-non-ce-piu-tempo-per-aspettare\/"},"modified":"2021-11-02T19:07:34","modified_gmt":"2021-11-02T18:07:34","slug":"cambiamento-climatico-papa-non-ce-piu-tempo-per-aspettare","status":"publish","type":"post","link":"https:\/\/www.messinaoggi.it\/website\/2021\/11\/02\/cambiamento-climatico-papa-non-ce-piu-tempo-per-aspettare\/","title":{"rendered":"Cambiamento climatico, Papa \u201cNon c\u2019\u00e8 pi\u00f9 tempo per aspettare\u201d"},"content":{"rendered":"<div>ROMA (ITALPRESS) &#8211; &#8220;Mentre inizia la Conferenza di Glasgow, siamo tutti consapevoli che essa ha l&#8217;importante compito di mostrare all&#8217;intera comunit\u00e0 internazionale se realmente sussiste la volont\u00e0 politica di destinare con onest\u00e0, responsabilit\u00e0 e coraggio maggiori risorse umane, finanziarie e tecnologiche per mitigare gli effetti negativi del cambiamento climatico cos\u00ec come per aiutare le popolazioni pi\u00f9 povere e vulnerabili, che sono quelle che ne soffrono maggiormente. La Cop26 pu\u00f2 e deve contribuire attivamente a questa coscienziosa costruzione di un futuro dove i comportamenti quotidiani e gli investimenti economico-finanziari possano realmente salvaguardare le condizioni di una vita degna dell&#8217;umanit\u00e0 di oggi e di domani in un pianeta &#8216;sano&#8221;. Cos\u00ec Papa Francesco in un messaggio inviato alla Cop26. &#8220;Purtroppo dobbiamo constatare amaramente come siamo lontani dal raggiungere gli obiettivi desiderati per contrastare il cambiamento climatico. Va detto con onest\u00e0: non ce lo possiamo permettere&#8221;, ha aggiunto. &#8220;In vari momenti, in vista della Cop26, \u00e8 emerso con chiarezza che non c&#8217;\u00e8 pi\u00f9 tempo per aspettare; sono troppi, ormai, i volti umani sofferenti di questa crisi climatica: oltre ai suoi sempre pi\u00f9 frequenti e intensi impatti sulla vita quotidiana di numerose persone, soprattutto delle popolazioni pi\u00f9 vulnerabili, ci si rende conto che essa \u00e8 diventata anche una crisi dei diritti dei bambini e che, nel breve futuro, i migranti ambientali saranno pi\u00f9 numerosi dei profughi dei conflitti. Bisogna agire con urgenza, coraggio e responsabilit\u00e0. I giovani, che in questi ultimi anni ci chiedono con insistenza di agire, non avranno un pianeta diverso da quello che noi lasciamo a loro, da quello che potranno ricevere in funzione delle nostre scelte concrete di oggi. Questo \u00e8 il momento della decisione che dia loro motivi di fiducia nel futuro&#8221;, ha concluso il Papa.<br \/>(ITALPRESS).<\/div>\n<div id=\"div-gpt-ad-Messinaoggi.it-DSK-300x250-corpoart\" style=\"text-align:center;margin:0 auto;\"><\/div><\/p><div id=\"videoincontent\" style=\"clear:both\";><\/div>","protected":false},"excerpt":{"rendered":"<p>ROMA (ITALPRESS) &#8211; &#8220;Mentre inizia la Conferenza di Glasgow, siamo tutti consapevoli che essa ha l&#8217;importante compito di mostrare all&#8217;intera comunit\u00e0 internazionale se realmente sussiste la volont\u00e0 politica di destinare con onest\u00e0, responsabilit\u00e0 e coraggio maggiori risorse umane, finanziarie e tecnologiche per mitigare gli effetti negativi del cambiamento climatico cos\u00ec come per aiutare le popolazioni [&hellip;]<\/p>\n","protected":false},"author":18,"featured_media":85805,"comment_status":"closed","ping_status":"closed","sticky":false,"template":"","format":"standard","meta":{"ub_ctt_via":"","_mi_skip_tracking":false},"categories":[446],"tags":[783],"featured_image_src":"https:\/\/www.messinaoggi.it\/website\/wp-content\/uploads\/2021\/11\/20211102_1655.jpg","author_info":{"display_name":"Admin","author_link":"https:\/\/www.messinaoggi.it\/website\/author\/admin\/"},"digistream_id":0,"digistream":false,"_links":{"self":[{"href":"https:\/\/www.messinaoggi.it\/website\/wp-json\/wp\/v2\/posts\/85804"}],"collection":[{"href":"https:\/\/www.messinaoggi.it\/website\/wp-json\/wp\/v2\/posts"}],"about":[{"href":"https:\/\/www.messinaoggi.it\/website\/wp-json\/wp\/v2\/types\/post"}],"author":[{"embeddable":true,"href":"https:\/\/www.messinaoggi.it\/website\/wp-json\/wp\/v2\/users\/18"}],"replies":[{"embeddable":true,"href":"https:\/\/www.messinaoggi.it\/website\/wp-json\/wp\/v2\/comments?post=85804"}],"version-history":[{"count":0,"href":"https:\/\/www.messinaoggi.it\/website\/wp-json\/wp\/v2\/posts\/85804\/revisions"}],"wp:featuredmedia":[{"embeddable":true,"href":"https:\/\/www.messinaoggi.it\/website\/wp-json\/wp\/v2\/media\/85805"}],"wp:attachment":[{"href":"https:\/\/www.messinaoggi.it\/website\/wp-json\/wp\/v2\/media?parent=85804"}],"wp:term":[{"taxonomy":"category","embeddable":true,"href":"https:\/\/www.messinaoggi.it\/website\/wp-json\/wp\/v2\/categories?post=85804"},{"taxonomy":"post_tag","embeddable":true,"href":"https:\/\/www.messinaoggi.it\/website\/wp-json\/wp\/v2\/tags?post=85804"}],"curies":[{"name":"wp","href":"https:\/\/api.w.org\/{rel}","templated":true}]}}