{"id":85793,"date":"2021-11-02T18:07:33","date_gmt":"2021-11-02T17:07:33","guid":{"rendered":"https:\/\/www.messinaoggi.it\/website\/2021\/11\/02\/bennati-nuovo-ct-italbici-dagnoni-siamo-una-squadra-unita\/"},"modified":"2021-11-02T18:07:33","modified_gmt":"2021-11-02T17:07:33","slug":"bennati-nuovo-ct-italbici-dagnoni-siamo-una-squadra-unita","status":"publish","type":"post","link":"https:\/\/www.messinaoggi.it\/website\/2021\/11\/02\/bennati-nuovo-ct-italbici-dagnoni-siamo-una-squadra-unita\/","title":{"rendered":"Bennati nuovo ct Italbici, Dagnoni \u201cSiamo una squadra unita\u201d"},"content":{"rendered":"<div>MILANO (ITALPRESS) &#8211; &#8220;Abbiamo un unico obiettivo: migliorare ancora i gi\u00e0 ottimi risultati di questi anni&#8221;. Il presidente della Federciclismo, Cordiano Dagnoni, non nasconde le sue ambizioni nel presentare, presso la sede della Regione Lombardia, i nuovi tecnici delle Nazionali di ciclismo per il quadriennio olimpico 2021-2024 (foto Fci), che avranno il compito di lavorare come un&#8217;unica squadra sotto lo sguardo attento del team manager Roberto Amadio. &#8220;Ci tengo a ringraziare quelli che ci hanno permesso di arrivare a questi risultati e che hanno preso altre strade come Davide Cassani e Roberto Vernassa, per citarne alcuni. I nuovi ruoli sono stati pensati per valorizzare le competenze delle figure coinvolte. Ci presentiamo come una squadra unita&#8221;, le parole del numero uno della Federciclismo. La nomina pi\u00f9 attesa era quella di Daniele Bennati a ct dei professionisti. &#8220;Quando ci siamo confrontati, gi\u00e0 dalla prima volta, con i vertici federali c&#8217;\u00e8 stato subito un grande feeling &#8211; ha ammesso l&#8217;ex velocista aretino, 41 anni, vincitore in carriera di 3 tappe al Giro, 2 al Tour e 6 alla Vuelta &#8211; Non nascondo che fare il ct della Nazionale \u00e8 sempre stata una mia grande aspirazione. Non pensavo e non credevo di rientrare nei piani del nuovo corso. Sono estremamente contento ed orgoglioso. Il ruolo di ct \u00e8 di grande  responsabilit\u00e0, ci si attende molto perch\u00e8, se anche sono arrivati negli anni passati tanti risultati, da troppo tempo manca il campionato mondiale. Non ho la bacchetta magica, ma far\u00f2 di tutto per colmare questo buco&#8221;. <br \/>(ITALPRESS).<\/div>\n<div id=\"div-gpt-ad-Messinaoggi.it-DSK-300x250-corpoart\" style=\"text-align:center;margin:0 auto;\"><\/div><\/p><div id=\"videoincontent\" style=\"clear:both\";><\/div>","protected":false},"excerpt":{"rendered":"<p>MILANO (ITALPRESS) &#8211; &#8220;Abbiamo un unico obiettivo: migliorare ancora i gi\u00e0 ottimi risultati di questi anni&#8221;. Il presidente della Federciclismo, Cordiano Dagnoni, non nasconde le sue ambizioni nel presentare, presso la sede della Regione Lombardia, i nuovi tecnici delle Nazionali di ciclismo per il quadriennio olimpico 2021-2024 (foto Fci), che avranno il compito di lavorare [&hellip;]<\/p>\n","protected":false},"author":18,"featured_media":85794,"comment_status":"closed","ping_status":"closed","sticky":false,"template":"","format":"standard","meta":{"ub_ctt_via":"","_mi_skip_tracking":false},"categories":[446],"tags":[783],"featured_image_src":"https:\/\/www.messinaoggi.it\/website\/wp-content\/uploads\/2021\/11\/20211102_1455.jpg","author_info":{"display_name":"Admin","author_link":"https:\/\/www.messinaoggi.it\/website\/author\/admin\/"},"digistream_id":0,"digistream":false,"_links":{"self":[{"href":"https:\/\/www.messinaoggi.it\/website\/wp-json\/wp\/v2\/posts\/85793"}],"collection":[{"href":"https:\/\/www.messinaoggi.it\/website\/wp-json\/wp\/v2\/posts"}],"about":[{"href":"https:\/\/www.messinaoggi.it\/website\/wp-json\/wp\/v2\/types\/post"}],"author":[{"embeddable":true,"href":"https:\/\/www.messinaoggi.it\/website\/wp-json\/wp\/v2\/users\/18"}],"replies":[{"embeddable":true,"href":"https:\/\/www.messinaoggi.it\/website\/wp-json\/wp\/v2\/comments?post=85793"}],"version-history":[{"count":0,"href":"https:\/\/www.messinaoggi.it\/website\/wp-json\/wp\/v2\/posts\/85793\/revisions"}],"wp:featuredmedia":[{"embeddable":true,"href":"https:\/\/www.messinaoggi.it\/website\/wp-json\/wp\/v2\/media\/85794"}],"wp:attachment":[{"href":"https:\/\/www.messinaoggi.it\/website\/wp-json\/wp\/v2\/media?parent=85793"}],"wp:term":[{"taxonomy":"category","embeddable":true,"href":"https:\/\/www.messinaoggi.it\/website\/wp-json\/wp\/v2\/categories?post=85793"},{"taxonomy":"post_tag","embeddable":true,"href":"https:\/\/www.messinaoggi.it\/website\/wp-json\/wp\/v2\/tags?post=85793"}],"curies":[{"name":"wp","href":"https:\/\/api.w.org\/{rel}","templated":true}]}}