{"id":85767,"date":"2021-11-02T17:07:32","date_gmt":"2021-11-02T16:07:32","guid":{"rendered":"https:\/\/www.messinaoggi.it\/website\/2021\/11\/02\/cop26-von-der-leyen-dallue-1-miliardo-per-le-foreste\/"},"modified":"2021-11-02T17:07:32","modified_gmt":"2021-11-02T16:07:32","slug":"cop26-von-der-leyen-dallue-1-miliardo-per-le-foreste","status":"publish","type":"post","link":"https:\/\/www.messinaoggi.it\/website\/2021\/11\/02\/cop26-von-der-leyen-dallue-1-miliardo-per-le-foreste\/","title":{"rendered":"Cop26, Von der Leyen \u201cDall\u2019Ue 1 miliardo per le foreste\u201d"},"content":{"rendered":"<div>GLASGOW (REGNO UNITO) (ITALPRESS) &#8211; &#8220;La Commissione europea destiner\u00e0 un miliardo di euro all&#8217;Impegno globale per le foreste. Di questi, 250 milioni andranno al Bacino del Congo&#8221;. Ad annunciarlo, durante la Cop26 A Glasgow, la presidente della Commissione Europea Ursula von der Leyen.<br \/>La presidente ha anche assicurato l&#8217;impegno della Ue a ridurre le emissioni di metano, sottolineando come l&#8217;Unione Europea e oltre 80 Paesi del mondo abbiano aderito all&#8217;iniziativa per la riduzione delle emissioni di metano del 30% entro il 2030. Per Von der Leyen, centrare l&#8217;obiettivo di &#8220;ridurre il gas serra di un terzo rallenter\u00e0 il cambiamento climatico&#8221;. &#8220;Tagliare le emissioni di metano &#8211; ha osservato &#8211; \u00e8 l&#8217;obiettivo pi\u00f9 a portata di mano&#8221;.<\/div>\n<div id=\"div-gpt-ad-Messinaoggi.it-DSK-300x250-corpoart\" style=\"text-align:center;margin:0 auto;\"><\/div><\/p><div id=\"videoincontent\" style=\"clear:both\";><\/div>","protected":false},"excerpt":{"rendered":"<p>GLASGOW (REGNO UNITO) (ITALPRESS) &#8211; &#8220;La Commissione europea destiner\u00e0 un miliardo di euro all&#8217;Impegno globale per le foreste. Di questi, 250 milioni andranno al Bacino del Congo&#8221;. Ad annunciarlo, durante la Cop26 A Glasgow, la presidente della Commissione Europea Ursula von der Leyen.La presidente ha anche assicurato l&#8217;impegno della Ue a ridurre le emissioni di [&hellip;]<\/p>\n","protected":false},"author":18,"featured_media":85768,"comment_status":"closed","ping_status":"closed","sticky":false,"template":"","format":"standard","meta":{"ub_ctt_via":"","_mi_skip_tracking":false},"categories":[446],"tags":[783],"featured_image_src":"https:\/\/www.messinaoggi.it\/website\/wp-content\/uploads\/2021\/11\/20211102_1279.jpg","author_info":{"display_name":"Admin","author_link":"https:\/\/www.messinaoggi.it\/website\/author\/admin\/"},"digistream_id":0,"digistream":false,"_links":{"self":[{"href":"https:\/\/www.messinaoggi.it\/website\/wp-json\/wp\/v2\/posts\/85767"}],"collection":[{"href":"https:\/\/www.messinaoggi.it\/website\/wp-json\/wp\/v2\/posts"}],"about":[{"href":"https:\/\/www.messinaoggi.it\/website\/wp-json\/wp\/v2\/types\/post"}],"author":[{"embeddable":true,"href":"https:\/\/www.messinaoggi.it\/website\/wp-json\/wp\/v2\/users\/18"}],"replies":[{"embeddable":true,"href":"https:\/\/www.messinaoggi.it\/website\/wp-json\/wp\/v2\/comments?post=85767"}],"version-history":[{"count":0,"href":"https:\/\/www.messinaoggi.it\/website\/wp-json\/wp\/v2\/posts\/85767\/revisions"}],"wp:featuredmedia":[{"embeddable":true,"href":"https:\/\/www.messinaoggi.it\/website\/wp-json\/wp\/v2\/media\/85768"}],"wp:attachment":[{"href":"https:\/\/www.messinaoggi.it\/website\/wp-json\/wp\/v2\/media?parent=85767"}],"wp:term":[{"taxonomy":"category","embeddable":true,"href":"https:\/\/www.messinaoggi.it\/website\/wp-json\/wp\/v2\/categories?post=85767"},{"taxonomy":"post_tag","embeddable":true,"href":"https:\/\/www.messinaoggi.it\/website\/wp-json\/wp\/v2\/tags?post=85767"}],"curies":[{"name":"wp","href":"https:\/\/api.w.org\/{rel}","templated":true}]}}