{"id":85765,"date":"2021-11-02T17:07:31","date_gmt":"2021-11-02T16:07:31","guid":{"rendered":"https:\/\/www.messinaoggi.it\/website\/2021\/11\/02\/roma-capitale-gelmini-condizioni-favorevoli-per-la-riforma\/"},"modified":"2021-11-02T17:07:31","modified_gmt":"2021-11-02T16:07:31","slug":"roma-capitale-gelmini-condizioni-favorevoli-per-la-riforma","status":"publish","type":"post","link":"https:\/\/www.messinaoggi.it\/website\/2021\/11\/02\/roma-capitale-gelmini-condizioni-favorevoli-per-la-riforma\/","title":{"rendered":"Roma Capitale, Gelmini \u201cCondizioni favorevoli per la riforma\u201d"},"content":{"rendered":"<div>ROMA (ITALPRESS) &#8211; &#8220;Le condizioni favorevoli per giungere all&#8217;approvazione di una riforma di Roma Capitale ci sono. Si sono concluse le elezioni amministrative a Roma e c&#8217;\u00e8 una maggioranza cos\u00ec ampia, unitamente al fatto che esponenti dell&#8217;opposizione hanno presentato proposte di legge riguardo la riforma di Roma Capitale&#8221;. Cos\u00ec Mariastella Gelmini, ministra per gli Affari regionali e le autonomie, nel corso dell&#8217;audizione in ambito dell&#8217;esame congiunto delle proposte di legge costituzionale recanti Modifica all&#8217;articolo 114 della Costituzione, in materia di ordinamento e poteri della citt\u00e0 di Roma, capitale della Repubblica e delle proposte di legge recanti Disposizioni in materia di ordinamento e poteri della citt\u00e0 di Roma, capitale della Repubblica.<br \/>&#8220;L&#8217;attualit\u00e0 e l&#8217;urgenza di una riforma volta a dotare Roma Capitale di uno statuto giuridico adeguato alla sua realt\u00e0 mi pare siano oggetto di unanime condivisione&#8221;, ha aggiunto.<br \/>&#8220;Le ragioni per le quali Roma necessita di una configurazione ordinamentale sua propria sono molteplici, e quasi superflue da ricordare: a Roma hanno sede gli organi costituzionali, le rappresentanze diplomatiche degli Stati esteri, la Citt\u00e0 del Vaticano che \u00e8 capitale spirituale dei cattolici nel mondo; l&#8217;estensione territoriale del Comune \u00e8 equivalente alla somma dei territori dei Comuni di Milano, Bologna, Torino, Genova, Napoli, Palermo, Catania, Firenze e Bari; Roma, infine, ospita il 70% del patrimonio artistico italiano e il 30% di quello mondiale &#8211; ha spiegato Gelmini -. Come si vede, interessi locali e interessi nazionali si intrecciano in un contesto senza eguali, la cui composizione non per caso \u00e8 assegnata dalla Costituzione alla legge dello Stato. Non \u00e8 superfluo rammentare, poi, come il riconoscimento di un nucleo essenziale di esigenze e funzioni tipiche di ogni capitale ha condotto in molti altri Paesi all&#8217;adozione di regimi speciali, sia per quanto riguarda la dimensione territoriale, sia per quanto attiene ai poteri conferiti, spesso anche di rango legislativo&#8221;.<br \/>(ITALPRESS).<\/div>\n<div id=\"div-gpt-ad-Messinaoggi.it-DSK-300x250-corpoart\" style=\"text-align:center;margin:0 auto;\"><\/div><\/p><div id=\"videoincontent\" style=\"clear:both\";><\/div>","protected":false},"excerpt":{"rendered":"<p>ROMA (ITALPRESS) &#8211; &#8220;Le condizioni favorevoli per giungere all&#8217;approvazione di una riforma di Roma Capitale ci sono. Si sono concluse le elezioni amministrative a Roma e c&#8217;\u00e8 una maggioranza cos\u00ec ampia, unitamente al fatto che esponenti dell&#8217;opposizione hanno presentato proposte di legge riguardo la riforma di Roma Capitale&#8221;. Cos\u00ec Mariastella Gelmini, ministra per gli Affari [&hellip;]<\/p>\n","protected":false},"author":18,"featured_media":85766,"comment_status":"closed","ping_status":"closed","sticky":false,"template":"","format":"standard","meta":{"ub_ctt_via":"","_mi_skip_tracking":false},"categories":[446],"tags":[783],"featured_image_src":"https:\/\/www.messinaoggi.it\/website\/wp-content\/uploads\/2021\/11\/20211102_1265.jpg","author_info":{"display_name":"Admin","author_link":"https:\/\/www.messinaoggi.it\/website\/author\/admin\/"},"digistream_id":0,"digistream":false,"_links":{"self":[{"href":"https:\/\/www.messinaoggi.it\/website\/wp-json\/wp\/v2\/posts\/85765"}],"collection":[{"href":"https:\/\/www.messinaoggi.it\/website\/wp-json\/wp\/v2\/posts"}],"about":[{"href":"https:\/\/www.messinaoggi.it\/website\/wp-json\/wp\/v2\/types\/post"}],"author":[{"embeddable":true,"href":"https:\/\/www.messinaoggi.it\/website\/wp-json\/wp\/v2\/users\/18"}],"replies":[{"embeddable":true,"href":"https:\/\/www.messinaoggi.it\/website\/wp-json\/wp\/v2\/comments?post=85765"}],"version-history":[{"count":0,"href":"https:\/\/www.messinaoggi.it\/website\/wp-json\/wp\/v2\/posts\/85765\/revisions"}],"wp:featuredmedia":[{"embeddable":true,"href":"https:\/\/www.messinaoggi.it\/website\/wp-json\/wp\/v2\/media\/85766"}],"wp:attachment":[{"href":"https:\/\/www.messinaoggi.it\/website\/wp-json\/wp\/v2\/media?parent=85765"}],"wp:term":[{"taxonomy":"category","embeddable":true,"href":"https:\/\/www.messinaoggi.it\/website\/wp-json\/wp\/v2\/categories?post=85765"},{"taxonomy":"post_tag","embeddable":true,"href":"https:\/\/www.messinaoggi.it\/website\/wp-json\/wp\/v2\/tags?post=85765"}],"curies":[{"name":"wp","href":"https:\/\/api.w.org\/{rel}","templated":true}]}}