{"id":8576,"date":"2017-09-28T09:26:04","date_gmt":"2017-09-28T07:26:04","guid":{"rendered":"http:\/\/www.messinaoggi.it\/website\/?p=8576"},"modified":"2017-09-28T09:26:04","modified_gmt":"2017-09-28T07:26:04","slug":"laimo-no-al-cordolo-sulla-via-nuova-panoramica-crea-solo-ingorghi","status":"publish","type":"post","link":"https:\/\/www.messinaoggi.it\/website\/2017\/09\/28\/laimo-no-al-cordolo-sulla-via-nuova-panoramica-crea-solo-ingorghi\/","title":{"rendered":"Laimo: &quot;No al cordolo sulla via Nuova Panoramica, crea solo ingorghi&quot;"},"content":{"rendered":"<p>Sono in fase di ultimazione i lavori di rifacimento del manto stradale sulla via Nuova Panoramica, con sistemazione della banchina e dei marciapiedi danneggiati dalle radici degli alberi e per permettere tali lavori \u00e8 stato rimosso un cordolo divisorio fra le due carreggiate; tale cordolo da sempre pi\u00f9 persone \u00e8 stato visto come un ostacolo alla viabilit\u00e0, ma soprattutto alla sicurezza stradale.<br \/>\nIl vice presidente vicario della V Circoscrizione Franco Laimo da tempo segnalava il problema; l&#8217;esponente di Sicilia futura assieme al collega \u00a0Nino Interdonato, gi\u00e0 vice presidente vicario\u00a0del Consiglio comunale, sono stati protagonisti di una raccolta firme dei residenti e dei commercianti per l&#8217;eliminazione del &#8220;serpentone&#8221;.<br \/>\nIn questi giorni senza il cordolo la viabilit\u00e0, nonostante i lavori, \u00e8 stata fluida. Secondo\u00a0Laimo sarebbe pi\u00f9 opportuno valutarne l&#8217;eliminazione totale, vista peraltro la ristrettezza della carreggiata e le lunghissime code che si creano quotidianamente, magari ricreando un mini-cordolo solo nella parte ricadente in prossimit\u00e0 della rotatoria Fortino del Viale Annunziata. Fra qualche settimana, lo spartitraffico della discordia dovrebbe essere ricollocato al centro della carreggiata, riportando con s\u00e9 le solite problematiche vissute fino ad\u00a0oggi.<div id=\"div-gpt-ad-Messinaoggi.it-DSK-300x250-corpoart\" style=\"text-align:center;margin:0 auto;\"><\/div><\/p>\n<div id=\"videoincontent\" style=\"clear:both\";><\/div>","protected":false},"excerpt":{"rendered":"<p>Sono in fase di ultimazione i lavori di rifacimento del manto stradale sulla via Nuova Panoramica, con sistemazione della banchina e dei marciapiedi danneggiati dalle radici degli alberi e per permettere tali lavori \u00e8 stato rimosso un cordolo divisorio fra le due carreggiate; tale cordolo da sempre pi\u00f9 persone \u00e8 stato visto come un ostacolo [&hellip;]<\/p>\n","protected":false},"author":2,"featured_media":8577,"comment_status":"closed","ping_status":"open","sticky":false,"template":"","format":"standard","meta":{"ub_ctt_via":"","_mi_skip_tracking":false},"categories":[5],"tags":[],"featured_image_src":"https:\/\/www.messinaoggi.it\/website\/wp-content\/uploads\/2017\/09\/rotatoria-annunziata-imbocco-via-nuova-panoramica-2.jpg","author_info":{"display_name":"Redazione","author_link":"https:\/\/www.messinaoggi.it\/website\/author\/redazione\/"},"digistream_id":0,"digistream":false,"_links":{"self":[{"href":"https:\/\/www.messinaoggi.it\/website\/wp-json\/wp\/v2\/posts\/8576"}],"collection":[{"href":"https:\/\/www.messinaoggi.it\/website\/wp-json\/wp\/v2\/posts"}],"about":[{"href":"https:\/\/www.messinaoggi.it\/website\/wp-json\/wp\/v2\/types\/post"}],"author":[{"embeddable":true,"href":"https:\/\/www.messinaoggi.it\/website\/wp-json\/wp\/v2\/users\/2"}],"replies":[{"embeddable":true,"href":"https:\/\/www.messinaoggi.it\/website\/wp-json\/wp\/v2\/comments?post=8576"}],"version-history":[{"count":0,"href":"https:\/\/www.messinaoggi.it\/website\/wp-json\/wp\/v2\/posts\/8576\/revisions"}],"wp:featuredmedia":[{"embeddable":true,"href":"https:\/\/www.messinaoggi.it\/website\/wp-json\/wp\/v2\/media\/8577"}],"wp:attachment":[{"href":"https:\/\/www.messinaoggi.it\/website\/wp-json\/wp\/v2\/media?parent=8576"}],"wp:term":[{"taxonomy":"category","embeddable":true,"href":"https:\/\/www.messinaoggi.it\/website\/wp-json\/wp\/v2\/categories?post=8576"},{"taxonomy":"post_tag","embeddable":true,"href":"https:\/\/www.messinaoggi.it\/website\/wp-json\/wp\/v2\/tags?post=8576"}],"curies":[{"name":"wp","href":"https:\/\/api.w.org\/{rel}","templated":true}]}}