{"id":85748,"date":"2021-11-02T14:07:38","date_gmt":"2021-11-02T13:07:38","guid":{"rendered":"https:\/\/www.messinaoggi.it\/website\/2021\/11\/02\/pioli-con-il-porto-decisiva-a-roma-vinto-con-merito\/"},"modified":"2021-11-02T14:07:38","modified_gmt":"2021-11-02T13:07:38","slug":"pioli-con-il-porto-decisiva-a-roma-vinto-con-merito","status":"publish","type":"post","link":"https:\/\/www.messinaoggi.it\/website\/2021\/11\/02\/pioli-con-il-porto-decisiva-a-roma-vinto-con-merito\/","title":{"rendered":"Pioli \u201cCon il Porto decisiva, a Roma vinto con merito\u201d"},"content":{"rendered":"<div>MILANO (ITALPRESS) &#8211; &#8220;Purtroppo in Champions non siamo riusciti ancora a regalare ai tifosi le soddisfazioni che meritano, domani abbiamo l&#8217;opportunit\u00e0 di farlo&#8221;. Cos\u00ec il tecnico del Milan, Stefano Pioli, alla vigilia del match di Champions League contro il Porto. &#8220;Non dobbiamo pensare alle prossime partite, ma a quella di domani, ci crediamo e pensiamo di poter interrompere questa striscia negativa che abbiamo in Champions &#8211; ha aggiunto Pioli -. Nelle prime due partite meritavamo di pi\u00f9, ma ormai \u00e8 andata, sentiamo di non meritare quello 0 in classifica e domani possiamo dimostrarlo. Siamo sempre stati bravi a imparare dai nostri errori, all&#8217;andata con il Porto abbiamo sbagliato, domani servir\u00e0 grande concentrazione. Non pensiamo alla partita di domenica prossima, siamo concentrati su una squadra forte e che sta bene come il Porto&#8221;, dice il tecnico rossonero riferendosi al derby con l&#8217;Inter nel prossimo turno di campionato. <br \/>&#8220;Il Porto \u00e8 una squadra forte, ha giocatori offensivi di qualit\u00e0 e velocit\u00e0, dobbiamo essere molto lucidi cercando di non sbagliare le cose semplici e di essere propositivi e pericolosi, perch\u00e8 abbiamo la qualit\u00e0 per fare gol&#8221;. Nei giorni scorsi, intanto, sono arrivati ancora i complimenti da parte dal responsabile dell&#8217;area tecnica del club, Paolo Maldini, che ha definito Pioli l&#8217;artefice della rinascita rossonera. &#8220;Quando viene riconosciuto il tuo lavoro, la professionalit\u00e0, la seriet\u00e0 e la qualit\u00e0 di quel che fai \u00e8 molto importante &#8211; ha spiegato l&#8217;allenatore -. Sono molto contento del rapporto che ho con il mio club e i miei dirigenti e siamo tutti convinti di poter continuare a lavorare bene insieme&#8221;. Si torna sul successo di domenica scorsa all&#8217;Olimpico contro i giallorossi. &#8220;A Roma abbiamo vinto perch\u00e8 abbiamo giocato meglio e abbiamo perso a Oporto perch\u00e8 abbiamo giocato peggio, penso a questo e non ad altre situazioni che non posso controllare&#8221;, taglia corto Pioli sulle polemiche successive alla gara vinta domenica all&#8217;Olimpico contro i giallorossi di Mourinho. &#8220;Ho analizzato con la squadra la partita, l&#8217;opinione che hanno da fuori non ci interessa molto, non possiamo perdere energie su altre situazioni&#8221;.<br \/>(ITALPRESS).<\/div>\n<div id=\"div-gpt-ad-Messinaoggi.it-DSK-300x250-corpoart\" style=\"text-align:center;margin:0 auto;\"><\/div><\/p><div id=\"videoincontent\" style=\"clear:both\";><\/div>","protected":false},"excerpt":{"rendered":"<p>MILANO (ITALPRESS) &#8211; &#8220;Purtroppo in Champions non siamo riusciti ancora a regalare ai tifosi le soddisfazioni che meritano, domani abbiamo l&#8217;opportunit\u00e0 di farlo&#8221;. Cos\u00ec il tecnico del Milan, Stefano Pioli, alla vigilia del match di Champions League contro il Porto. &#8220;Non dobbiamo pensare alle prossime partite, ma a quella di domani, ci crediamo e pensiamo [&hellip;]<\/p>\n","protected":false},"author":18,"featured_media":85749,"comment_status":"closed","ping_status":"closed","sticky":false,"template":"","format":"standard","meta":{"ub_ctt_via":"","_mi_skip_tracking":false},"categories":[446],"tags":[783],"featured_image_src":"https:\/\/www.messinaoggi.it\/website\/wp-content\/uploads\/2021\/11\/20211102_0664.jpg","author_info":{"display_name":"Admin","author_link":"https:\/\/www.messinaoggi.it\/website\/author\/admin\/"},"digistream_id":0,"digistream":false,"_links":{"self":[{"href":"https:\/\/www.messinaoggi.it\/website\/wp-json\/wp\/v2\/posts\/85748"}],"collection":[{"href":"https:\/\/www.messinaoggi.it\/website\/wp-json\/wp\/v2\/posts"}],"about":[{"href":"https:\/\/www.messinaoggi.it\/website\/wp-json\/wp\/v2\/types\/post"}],"author":[{"embeddable":true,"href":"https:\/\/www.messinaoggi.it\/website\/wp-json\/wp\/v2\/users\/18"}],"replies":[{"embeddable":true,"href":"https:\/\/www.messinaoggi.it\/website\/wp-json\/wp\/v2\/comments?post=85748"}],"version-history":[{"count":0,"href":"https:\/\/www.messinaoggi.it\/website\/wp-json\/wp\/v2\/posts\/85748\/revisions"}],"wp:featuredmedia":[{"embeddable":true,"href":"https:\/\/www.messinaoggi.it\/website\/wp-json\/wp\/v2\/media\/85749"}],"wp:attachment":[{"href":"https:\/\/www.messinaoggi.it\/website\/wp-json\/wp\/v2\/media?parent=85748"}],"wp:term":[{"taxonomy":"category","embeddable":true,"href":"https:\/\/www.messinaoggi.it\/website\/wp-json\/wp\/v2\/categories?post=85748"},{"taxonomy":"post_tag","embeddable":true,"href":"https:\/\/www.messinaoggi.it\/website\/wp-json\/wp\/v2\/tags?post=85748"}],"curies":[{"name":"wp","href":"https:\/\/api.w.org\/{rel}","templated":true}]}}