{"id":85744,"date":"2021-11-02T13:32:34","date_gmt":"2021-11-02T12:32:34","guid":{"rendered":"https:\/\/www.messinaoggi.it\/website\/2021\/11\/02\/musumeci-sui-luoghi-dellalluvione-faremo-tutto-il-necessario\/"},"modified":"2021-11-02T13:32:34","modified_gmt":"2021-11-02T12:32:34","slug":"musumeci-sui-luoghi-dellalluvione-faremo-tutto-il-necessario","status":"publish","type":"post","link":"https:\/\/www.messinaoggi.it\/website\/2021\/11\/02\/musumeci-sui-luoghi-dellalluvione-faremo-tutto-il-necessario\/","title":{"rendered":"Musumeci sui luoghi dell\u2019alluvione \u201cFaremo tutto il necessario\u201d"},"content":{"rendered":"<div>\n<p>SCORDIA (CATANIA) (ITALPRESS) \u2013 \u201cIl dopo-ciclone \u00e8 cominciato. Ripristinare la viabilit\u00e0, anche rurale, e reclamare il diritto a risorse straordinarie da Roma per ristorare le aziende danneggiate\u201d. Questo il messaggio lanciato dal presidente della Regione siciliana Nello Musumeci, al termine dell\u2019incontro che ha voluto tenere stamane a Scordia, il territorio pi\u00f9 colpito dal ciclone della scorsa settimana. All\u2019incontro con il sindaco Franco Barchitta e con una rappresentanza di imprenditori agricoli, il governatore era accompagnato dagli assessori Toni Scilla e Marco Falcone, dal capo della Protezione civile regionale Salvo Cocina, dal dirigente generale del dipartimento Agricoltura Dario Cartabellotta, dal capo dell\u2019Ispettorato agrario Giovanni Sutera, dal capo del Genio civile Gaetano Laudani,  dall\u2019ufficiale del Corpo forestale Luca Ferlito.<br \/>Dopo un ampio confronto sulle criticit\u00e0 emerse dall\u2019alluvione, \u00e8 stato definito un cronoprogramma di iniziative e interventi a breve e medio termine. Musumeci ha assicurato il sostegno finanziario all\u2019ex Provincia per il ripristino delle infrastrutture danneggiate e l\u2019intervento immediato dell\u2019Esa per risanare la viabilit\u00e0 rurale compromessa e facilitare l\u2019accesso alle aziende agricole. Gli uffici preposti completeranno a giorni la ricognizione dei danni da trasmettere a Roma per il riconoscimento della calamit\u00e0 naturale e la conseguente dotazione finanziaria, con particolare attenzione al ministero dell\u2019Agricoltura.<br \/>\u201cLa Struttura contro il dissesto idrogeologico \u2013 ha assicurato Musumeci \u2013 provveder\u00e0 in collaborazione con gli altri enti a una pianificazione delle aste fluviali di tutto il territorio comunale di Scordia. Individuati i punti critici, si interverr\u00e0 con immediatezza per ridurre, almeno, le conseguenze disastrose della straordinaria caduta di acqua, ormai sempre pi\u00f9 frequente. Faremo tutto ci\u00f2 che sar\u00e0 necessario\u201d.<br \/>Prima di raggiungere Scordia, il presidente della Regione ha compiuto un sopralluogo in alcune aziende colpite dall\u2019alluvione, nell\u2019area commerciale di Misterbianco, accolto dal sindaco Marco Corsaro e dai tecnici comunali.<br \/>(ITALPRESS).<div id=\"div-gpt-ad-Messinaoggi.it-DSK-300x250-corpoart\" style=\"text-align:center;margin:0 auto;\"><\/div><\/p>\n<\/div>\n<div id=\"videoincontent\" style=\"clear:both\";><\/div>","protected":false},"excerpt":{"rendered":"<p>SCORDIA (CATANIA) (ITALPRESS) \u2013 \u201cIl dopo-ciclone \u00e8 cominciato. Ripristinare la viabilit\u00e0, anche rurale, e reclamare il diritto a risorse straordinarie da Roma per ristorare le aziende danneggiate\u201d. Questo il messaggio lanciato dal presidente della Regione siciliana Nello Musumeci, al termine dell\u2019incontro che ha voluto tenere stamane a Scordia, il territorio pi\u00f9 colpito dal ciclone della [&hellip;]<\/p>\n","protected":false},"author":18,"featured_media":85745,"comment_status":"closed","ping_status":"closed","sticky":false,"template":"","format":"standard","meta":{"ub_ctt_via":"","_mi_skip_tracking":false},"categories":[2449],"tags":[783],"featured_image_src":"https:\/\/www.messinaoggi.it\/website\/wp-content\/uploads\/2021\/11\/20211102_0571.jpg","author_info":{"display_name":"Admin","author_link":"https:\/\/www.messinaoggi.it\/website\/author\/admin\/"},"digistream_id":0,"digistream":false,"_links":{"self":[{"href":"https:\/\/www.messinaoggi.it\/website\/wp-json\/wp\/v2\/posts\/85744"}],"collection":[{"href":"https:\/\/www.messinaoggi.it\/website\/wp-json\/wp\/v2\/posts"}],"about":[{"href":"https:\/\/www.messinaoggi.it\/website\/wp-json\/wp\/v2\/types\/post"}],"author":[{"embeddable":true,"href":"https:\/\/www.messinaoggi.it\/website\/wp-json\/wp\/v2\/users\/18"}],"replies":[{"embeddable":true,"href":"https:\/\/www.messinaoggi.it\/website\/wp-json\/wp\/v2\/comments?post=85744"}],"version-history":[{"count":0,"href":"https:\/\/www.messinaoggi.it\/website\/wp-json\/wp\/v2\/posts\/85744\/revisions"}],"wp:featuredmedia":[{"embeddable":true,"href":"https:\/\/www.messinaoggi.it\/website\/wp-json\/wp\/v2\/media\/85745"}],"wp:attachment":[{"href":"https:\/\/www.messinaoggi.it\/website\/wp-json\/wp\/v2\/media?parent=85744"}],"wp:term":[{"taxonomy":"category","embeddable":true,"href":"https:\/\/www.messinaoggi.it\/website\/wp-json\/wp\/v2\/categories?post=85744"},{"taxonomy":"post_tag","embeddable":true,"href":"https:\/\/www.messinaoggi.it\/website\/wp-json\/wp\/v2\/tags?post=85744"}],"curies":[{"name":"wp","href":"https:\/\/api.w.org\/{rel}","templated":true}]}}