{"id":85742,"date":"2021-11-02T13:07:31","date_gmt":"2021-11-02T12:07:31","guid":{"rendered":"https:\/\/www.messinaoggi.it\/website\/2021\/11\/02\/giorgetti-draghi-potrebbe-guidare-il-convoglio-anche-dal-quirinale\/"},"modified":"2021-11-02T13:07:31","modified_gmt":"2021-11-02T12:07:31","slug":"giorgetti-draghi-potrebbe-guidare-il-convoglio-anche-dal-quirinale","status":"publish","type":"post","link":"https:\/\/www.messinaoggi.it\/website\/2021\/11\/02\/giorgetti-draghi-potrebbe-guidare-il-convoglio-anche-dal-quirinale\/","title":{"rendered":"Giorgetti \u201cDraghi potrebbe guidare il convoglio anche dal Quirinale\u201d"},"content":{"rendered":"<div>ROMA (ITALPRESS) &#8211; &#8220;Draghi potrebbe guidare il convoglio anche dal Quirinale&#8221;. Lo dice il ministro dello Sviluppo economico Giancarlo Giorgetti a Bruno Vespa per il libro &#8220;Perch\u00e8 Mussolini rovin\u00f2 l&#8217;Italia (e perch\u00e8 Draghi la sta risanando)&#8221; in uscita il 4 novembre per Mondadori Rai Libri.<br \/>&#8220;Gi\u00e0 nell&#8217;autunno del 2020 le dissi &#8211; dichiara il ministro a Vespa &#8211; che la soluzione sarebbe stata confermare Mattarella ancora per un anno. Se questo non \u00e8 possibile, va bene Draghi&#8221;. E il governo? &#8220;Draghi potrebbe guidare il convoglio anche da fuori. Sarebbe un semipresidenzialismo de facto, in cui il presidente della Repubblica allarga le sue funzioni approfittando di una politica debole&#8221;. Come ha fatto a suo tempo Napolitano, osserva Vespa. &#8220;Lui l&#8217;ha fatto dinanzi a un mondo politico spaesato&#8221;, precisa Giorgetti. &#8220;Draghi baderebbe all&#8217;economia&#8221;, aggiunge.<br \/>(ITALPRESS).<\/div>\n<div id=\"div-gpt-ad-Messinaoggi.it-DSK-300x250-corpoart\" style=\"text-align:center;margin:0 auto;\"><\/div><\/p><div id=\"videoincontent\" style=\"clear:both\";><\/div>","protected":false},"excerpt":{"rendered":"<p>ROMA (ITALPRESS) &#8211; &#8220;Draghi potrebbe guidare il convoglio anche dal Quirinale&#8221;. Lo dice il ministro dello Sviluppo economico Giancarlo Giorgetti a Bruno Vespa per il libro &#8220;Perch\u00e8 Mussolini rovin\u00f2 l&#8217;Italia (e perch\u00e8 Draghi la sta risanando)&#8221; in uscita il 4 novembre per Mondadori Rai Libri.&#8220;Gi\u00e0 nell&#8217;autunno del 2020 le dissi &#8211; dichiara il ministro a [&hellip;]<\/p>\n","protected":false},"author":18,"featured_media":85743,"comment_status":"closed","ping_status":"closed","sticky":false,"template":"","format":"standard","meta":{"ub_ctt_via":"","_mi_skip_tracking":false},"categories":[446],"tags":[783],"featured_image_src":"https:\/\/www.messinaoggi.it\/website\/wp-content\/uploads\/2021\/11\/20211102_0463.jpg","author_info":{"display_name":"Admin","author_link":"https:\/\/www.messinaoggi.it\/website\/author\/admin\/"},"digistream_id":0,"digistream":false,"_links":{"self":[{"href":"https:\/\/www.messinaoggi.it\/website\/wp-json\/wp\/v2\/posts\/85742"}],"collection":[{"href":"https:\/\/www.messinaoggi.it\/website\/wp-json\/wp\/v2\/posts"}],"about":[{"href":"https:\/\/www.messinaoggi.it\/website\/wp-json\/wp\/v2\/types\/post"}],"author":[{"embeddable":true,"href":"https:\/\/www.messinaoggi.it\/website\/wp-json\/wp\/v2\/users\/18"}],"replies":[{"embeddable":true,"href":"https:\/\/www.messinaoggi.it\/website\/wp-json\/wp\/v2\/comments?post=85742"}],"version-history":[{"count":0,"href":"https:\/\/www.messinaoggi.it\/website\/wp-json\/wp\/v2\/posts\/85742\/revisions"}],"wp:featuredmedia":[{"embeddable":true,"href":"https:\/\/www.messinaoggi.it\/website\/wp-json\/wp\/v2\/media\/85743"}],"wp:attachment":[{"href":"https:\/\/www.messinaoggi.it\/website\/wp-json\/wp\/v2\/media?parent=85742"}],"wp:term":[{"taxonomy":"category","embeddable":true,"href":"https:\/\/www.messinaoggi.it\/website\/wp-json\/wp\/v2\/categories?post=85742"},{"taxonomy":"post_tag","embeddable":true,"href":"https:\/\/www.messinaoggi.it\/website\/wp-json\/wp\/v2\/tags?post=85742"}],"curies":[{"name":"wp","href":"https:\/\/api.w.org\/{rel}","templated":true}]}}