{"id":85740,"date":"2021-11-02T12:47:48","date_gmt":"2021-11-02T11:47:48","guid":{"rendered":"https:\/\/www.messinaoggi.it\/website\/2021\/11\/02\/arcivescovo-palermo-basta-bare-insepolte-e-inumano\/"},"modified":"2021-11-02T12:47:48","modified_gmt":"2021-11-02T11:47:48","slug":"arcivescovo-palermo-basta-bare-insepolte-e-inumano","status":"publish","type":"post","link":"https:\/\/www.messinaoggi.it\/website\/2021\/11\/02\/arcivescovo-palermo-basta-bare-insepolte-e-inumano\/","title":{"rendered":"Arcivescovo Palermo \u201cBasta bare insepolte, \u00e8 inumano\u201d"},"content":{"rendered":"<div>\n<p>PALERMO (ITALPRESS) \u2013 \u201cIn questo giorno, dedicato alla commemorazione dei fedeli defunti, proprio qui ai Rotoli, ai piedi di Monte Pellegrino, dove centinaia di nostri cari defunti da lungo tempo non trovano neanche la possibilit\u00e0 di una degna sepoltura a causa dell\u2019incuria umana e dell\u2019ignominia di chi vuole lucrare anche nel momento pi\u00f9 decisivo e dirompente del mistero della vita che \u00e8 la morte, si leva anzitutto un appello a renderci conto di quanto sia importante il corpo nella nostra esistenza\u201d: lo ha detto l\u2019Arcivescovo di Palermo, monsignor Corrado Lorefice nell\u2019omelia della Celebrazione eucaristica celebrata questa mattina nella Cappella del cimitero di Santa Maria dei Rotoli in occasione della Commemorazione dei defunti. Il riferimento \u00e8 alle bare accatastate da mesi al cimitero. \u201cIn questi mesi e anche ora, in tutto il mondo, tanti, tutti stiamo vivendo la tragedia di una morte solitaria, di una distanza terribile dal corpo caro che muore, e qui a Palermo addirittura anche di una mancata e degna sepoltura di tanti nostri cari concittadini, parenti e amici. Non possiamo stare zitti. Questo \u00e8 inumano. E\u2019 impensabile che in una convivenza umana possa accadere che i corpi siano violati, in vita e in morte. Mai\u201d, ha aggiunto. <br \/>\u201cOgni disprezzo dei corpi destruttura, abbrutisce e lacera la citt\u00e0 umana. Nessuno \u2013 ha sottolineato Lorefice \u2013 pu\u00f2 violentare i corpi, nessuno li pu\u00f2 sfruttare per brama o per fini di lucro, a maggior ragione in un cimitero, luogo sacro per eccellenza, di memoria, di riposo e di attesa di vita eterna, di desiderio di comunione senza fine. Prendersi cura dei corpi, custodirli, \u00e8 compito primario di quanti sono preposti a servire la convivenza umana e a far crescere il bene comune nella citt\u00e0. I cimiteri sono citt\u00e0-giardino accanto e dentro le nostre citt\u00e0, che con solerzia ed arte ci sono stati consegnati dai nostri avi per sostenere la speranza del giardino e della vita eterna, della comunione senza fine nella citt\u00e0 celeste, in attesa dei cieli nuovi e della terra nuova\u201d. Secondo l\u2019arcivescovo \u201cdobbiamo curare i nostri cimiteri che custodiscono i corpi dei nostri cari in attesa di questa redenzione, di vita e di pienezza di libert\u00e0. Li dobbiamo rendere accoglienti, fruibili, capienti. Nessuna trascuratezza, nessuna devastazione, nessun affare illegale, nessun interesse losco o criminale, deve profanare questi luoghi sacri e le coscienze di quanti hanno diritto a onorare i corpi dei propri defunti\u201d. <br \/>\u201cPalermo \u2013 ha sottolineato \u2013 ha bisogno di nuovi spazi cimiteriali dove si possano inumare o cremare i nostri defunti, per custodirli, visitarli, commemorarli. E\u2019 inconcepibile e soprattutto inspiegabile che l\u2019impianto crematorio si guasti senza poterlo pi\u00f9 riattivare. Preghiamo perch\u00e8 si ponga fine a questo orrore che proprio qui ai Rotoli grida al cospetto di Dio e degli uomini; perch\u00e8 impariamo il rispetto della vita e della morte, la cura dei viventi e dei defunti. Perch\u00e8 siamo \u2018uman\u00ec, fatti e impastati di humus, frutti e insieme custodi della Terra e dei nostri fratelli. Rimaniamo umani\u201d.<br \/>(ITALPRESS).<div id=\"div-gpt-ad-Messinaoggi.it-DSK-300x250-corpoart\" style=\"text-align:center;margin:0 auto;\"><\/div><\/p>\n<\/div>\n<div id=\"videoincontent\" style=\"clear:both\";><\/div>","protected":false},"excerpt":{"rendered":"<p>PALERMO (ITALPRESS) \u2013 \u201cIn questo giorno, dedicato alla commemorazione dei fedeli defunti, proprio qui ai Rotoli, ai piedi di Monte Pellegrino, dove centinaia di nostri cari defunti da lungo tempo non trovano neanche la possibilit\u00e0 di una degna sepoltura a causa dell\u2019incuria umana e dell\u2019ignominia di chi vuole lucrare anche nel momento pi\u00f9 decisivo e [&hellip;]<\/p>\n","protected":false},"author":18,"featured_media":85741,"comment_status":"closed","ping_status":"closed","sticky":false,"template":"","format":"standard","meta":{"ub_ctt_via":"","_mi_skip_tracking":false},"categories":[2449],"tags":[783],"featured_image_src":"https:\/\/www.messinaoggi.it\/website\/wp-content\/uploads\/2021\/11\/20211102_0450.jpg","author_info":{"display_name":"Admin","author_link":"https:\/\/www.messinaoggi.it\/website\/author\/admin\/"},"digistream_id":0,"digistream":false,"_links":{"self":[{"href":"https:\/\/www.messinaoggi.it\/website\/wp-json\/wp\/v2\/posts\/85740"}],"collection":[{"href":"https:\/\/www.messinaoggi.it\/website\/wp-json\/wp\/v2\/posts"}],"about":[{"href":"https:\/\/www.messinaoggi.it\/website\/wp-json\/wp\/v2\/types\/post"}],"author":[{"embeddable":true,"href":"https:\/\/www.messinaoggi.it\/website\/wp-json\/wp\/v2\/users\/18"}],"replies":[{"embeddable":true,"href":"https:\/\/www.messinaoggi.it\/website\/wp-json\/wp\/v2\/comments?post=85740"}],"version-history":[{"count":0,"href":"https:\/\/www.messinaoggi.it\/website\/wp-json\/wp\/v2\/posts\/85740\/revisions"}],"wp:featuredmedia":[{"embeddable":true,"href":"https:\/\/www.messinaoggi.it\/website\/wp-json\/wp\/v2\/media\/85741"}],"wp:attachment":[{"href":"https:\/\/www.messinaoggi.it\/website\/wp-json\/wp\/v2\/media?parent=85740"}],"wp:term":[{"taxonomy":"category","embeddable":true,"href":"https:\/\/www.messinaoggi.it\/website\/wp-json\/wp\/v2\/categories?post=85740"},{"taxonomy":"post_tag","embeddable":true,"href":"https:\/\/www.messinaoggi.it\/website\/wp-json\/wp\/v2\/tags?post=85740"}],"curies":[{"name":"wp","href":"https:\/\/api.w.org\/{rel}","templated":true}]}}