{"id":85734,"date":"2021-11-02T12:07:31","date_gmt":"2021-11-02T11:07:31","guid":{"rendered":"https:\/\/www.messinaoggi.it\/website\/2021\/11\/02\/per-le-imprese-dellindustria-e-dei-servizi-valore-aggiunto-di-826-mld\/"},"modified":"2021-11-02T12:07:31","modified_gmt":"2021-11-02T11:07:31","slug":"per-le-imprese-dellindustria-e-dei-servizi-valore-aggiunto-di-826-mld","status":"publish","type":"post","link":"https:\/\/www.messinaoggi.it\/website\/2021\/11\/02\/per-le-imprese-dellindustria-e-dei-servizi-valore-aggiunto-di-826-mld\/","title":{"rendered":"Per le imprese dell\u2019industria e dei servizi valore aggiunto di 826 mld"},"content":{"rendered":"<div>ROMA (ITALPRESS) &#8211; Nel 2019 le imprese industriali e dei servizi sono 4,2 milioni e generano un valore aggiunto di 826 miliardi, in crescita del 2,4% sul 2018 (+1,8% nell&#8217;industria in senso stretto, +2,4% nei servizi e +5,8% nelle costruzioni). Oltre la met\u00e0 del valore aggiunto (56,6%) proviene dai gruppi di impresa. In queste imprese il valore aggiunto per addetto \u00e8 di oltre 78mila euro contro i quasi 33mila delle imprese indipendenti. E&#8217; quanto emerge da un report dell&#8217;Istat.<br \/>La produttivit\u00e0 media \u00e8 lievemente pi\u00f9 elevata nei gruppi multinazionali con vertice residente all&#8217;estero (95mila euro per addetto) rispetto a quelli con vertice in Italia (94mila euro), e molto inferiore in quelli domestici (57mila euro).<br \/>Le imprese attive nell&#8217;industria e nei servizi di mercato  occupano 16,9 milioni di addetti, di cui 12,2 milioni di dipendenti. Il 79,4% di questa opera nel settore dei servizi, occupa il 67,7% degli addetti e produce il 57,6% del valore aggiunto totale. L&#8217;11,4% \u00e8 attivo nelle costruzioni, assorbe il 7,8% degli addetti e produce il 6,4% del valore aggiunto totale. Infine, il 9,2% delle imprese attive opera nell&#8217;industria in senso stretto, occupa il 24,4% degli addetti e realizza il 36,1% del valore aggiunto totale. <br \/>La quasi totalit\u00e0 delle imprese (94,8%) ha meno di 10 addetti, occupa il 43,2% degli addetti e produce il 26,8% del valore aggiunto totale. All&#8217;opposto, le imprese con 250 addetti e oltre sono solo lo 0,1%, con il 23,3% degli addetti il 35,3% del valore aggiunto.<br \/>Il 3,6% delle imprese (152.908) \u00e8 organizzato in strutture in gruppi (100.405), con 6 milioni di addetti e 5,8 milioni di dipendenti. Il 2,2% delle imprese organizzate in gruppo ha 250 addetti e oltre, occupa il 59,4% degli addetti dei gruppi e produce il 59,6% del valore aggiunto.<br \/>I gruppi sono controllati nell&#8217;11% dei casi da un soggetto residente all&#8217;estero e per il restante 89% da soggetti residenti in Italia. I gruppi domestici (formati solo da imprese residenti) rappresentano l&#8217;80,2% del totale dei gruppi, controllano una analoga quota (80,2%) delle imprese appartenenti a gruppi e assorbono il 42,9% degli addetti.<br \/>(ITALPRESS).<\/div>\n<div id=\"div-gpt-ad-Messinaoggi.it-DSK-300x250-corpoart\" style=\"text-align:center;margin:0 auto;\"><\/div><\/p><div id=\"videoincontent\" style=\"clear:both\";><\/div>","protected":false},"excerpt":{"rendered":"<p>ROMA (ITALPRESS) &#8211; Nel 2019 le imprese industriali e dei servizi sono 4,2 milioni e generano un valore aggiunto di 826 miliardi, in crescita del 2,4% sul 2018 (+1,8% nell&#8217;industria in senso stretto, +2,4% nei servizi e +5,8% nelle costruzioni). Oltre la met\u00e0 del valore aggiunto (56,6%) proviene dai gruppi di impresa. In queste imprese [&hellip;]<\/p>\n","protected":false},"author":18,"featured_media":85735,"comment_status":"closed","ping_status":"closed","sticky":false,"template":"","format":"standard","meta":{"ub_ctt_via":"","_mi_skip_tracking":false},"categories":[446],"tags":[783],"featured_image_src":"https:\/\/www.messinaoggi.it\/website\/wp-content\/uploads\/2021\/11\/20211102_0311.jpg","author_info":{"display_name":"Admin","author_link":"https:\/\/www.messinaoggi.it\/website\/author\/admin\/"},"digistream_id":0,"digistream":false,"_links":{"self":[{"href":"https:\/\/www.messinaoggi.it\/website\/wp-json\/wp\/v2\/posts\/85734"}],"collection":[{"href":"https:\/\/www.messinaoggi.it\/website\/wp-json\/wp\/v2\/posts"}],"about":[{"href":"https:\/\/www.messinaoggi.it\/website\/wp-json\/wp\/v2\/types\/post"}],"author":[{"embeddable":true,"href":"https:\/\/www.messinaoggi.it\/website\/wp-json\/wp\/v2\/users\/18"}],"replies":[{"embeddable":true,"href":"https:\/\/www.messinaoggi.it\/website\/wp-json\/wp\/v2\/comments?post=85734"}],"version-history":[{"count":0,"href":"https:\/\/www.messinaoggi.it\/website\/wp-json\/wp\/v2\/posts\/85734\/revisions"}],"wp:featuredmedia":[{"embeddable":true,"href":"https:\/\/www.messinaoggi.it\/website\/wp-json\/wp\/v2\/media\/85735"}],"wp:attachment":[{"href":"https:\/\/www.messinaoggi.it\/website\/wp-json\/wp\/v2\/media?parent=85734"}],"wp:term":[{"taxonomy":"category","embeddable":true,"href":"https:\/\/www.messinaoggi.it\/website\/wp-json\/wp\/v2\/categories?post=85734"},{"taxonomy":"post_tag","embeddable":true,"href":"https:\/\/www.messinaoggi.it\/website\/wp-json\/wp\/v2\/tags?post=85734"}],"curies":[{"name":"wp","href":"https:\/\/api.w.org\/{rel}","templated":true}]}}