{"id":8573,"date":"2017-09-28T08:57:17","date_gmt":"2017-09-28T06:57:17","guid":{"rendered":"http:\/\/www.messinaoggi.it\/website\/?p=8573"},"modified":"2017-09-28T08:57:17","modified_gmt":"2017-09-28T06:57:17","slug":"cassazione-il-processo-a-cateno-de-luca-resta-a-messina","status":"publish","type":"post","link":"https:\/\/www.messinaoggi.it\/website\/2017\/09\/28\/cassazione-il-processo-a-cateno-de-luca-resta-a-messina\/","title":{"rendered":"Cassazione: &quot;Il processo a De Luca resta a Messina&quot;. La replica: &quot;Barzelletta giudiziaria&quot;"},"content":{"rendered":"<p>Il processo sulla variante al Prg di Fiumedinisi resta a Messina. Lo ha sancito la Cassazione, che ha dichiarato inammissibile il ricorso presentato dal principale imputato, l&#8217;allora sindaco\u00a0Cateno De Luca.<br \/>\nDe Luca aveva chiesto alla Suprema Corte \u00a0di trasferire a Reggio Calabria il processo che lo vede imputato. Ma per i giudici della Suprema Corte il ricorso non \u00e8 trattabile. Il processo riprender\u00e0 dinnanzi ai giudici della II Sezione penale di Messina; prossima udienza l&#8217;8 novembre.<br \/>\nPer l&#8217;ex sindaco di Fiumedinisi e S. Teresa, la Procura ha chiesto la condanna a 5 anni. E&#8217; accusato di aver favorito le imprese di famiglia pilotando gli atti del Prg e il contratto di quartiere del piccolo centro collinare.<br \/>\n<strong>La replica di De Luca: &#8220;Processo rischia di essere barzelletta giudiziaria&#8221;.\u00a0<\/strong>&#8220;Dopo sei anni di procedimenti penali con 14 assoluzioni e ed archiviazioni stiamo ancora a discutere dell&#8217;ultimo processo che mi riguarda e che rischia di diventare una vera e propria barzelletta giudiziaria: la Suprema corte di Cassazione ha respinto la nostra istanza di spostare il processo a Reggio Calabria per i condizionamenti ambientali pi\u00f9 volte riscontrati, ma ha aperto un procedimento su uno dei magistrati che fa parte del collegio giudicante per presunta violazione del l&#8217;obbligo di astensione che scatta in capo ai magistrati se hanno avuto a che fare con l&#8217;imputato.<br \/>\nLa Procura generale della suprema Corte di Cassazione &#8211; prosegue De Luca &#8211; ha aperto il procedimento n. 872\/17 in quanto una delle 25 motivazioni della nostra istanza di spostamento del processo era proprio l&#8217;incompatibilit\u00e0 di un magistrato che in giovent\u00f9 ha abitato a Fiumedinisi ospite della famiglia dei miei suoceri con intensi e frequenti rapporti di famiglia con loro e con me: la mamma di questo magistrato \u00e8 stata per due anni mia insegnante nelle scuole medie di Fiumedinisi ed il pap\u00e0 di questo magistrato lavorava in banca a Nizza di Sicilia con mio suocero (era il direttore della filiale e mio suocero il suo vice). La mamma di questo magistrato ottenne il trasferimento alla scuola media di Fiumedinisi grazie allo spostamento della residenza dell&#8217;intera famiglia (compreso questo magistrato) nella medesima casa di Fiumedinisi dove attualmente abito io con la mia famiglia. Questi rapporti nel tempo si sono inclinati al punto tale che la famiglia di tale magistrato con quella di mio suocero si sono bruscamente interrotti dopo oltre 15 anni di amicizia&#8221;.<br \/>\nCosa succeder\u00e0 ora? Che dall&#8217;incompatibilit\u00e0 ambientale respinta dalla Cassazione si \u00e8 passati ad una incompatibilit\u00e0 del singolo magistrato che non si \u00e8 astenuto nel partecipare ad un processo che lo rendeva incompatibile con l&#8217;imputato De Luca, quindi il collegio dovr\u00e0 essere integrato in sostituzione di questo magistrato ed il processo dovr\u00e0 iniziare daccapo con le attivit\u00e0 dibattimentali da rifare una per una.<br \/>\nIn poche parole &#8211; conclude De Luca &#8211; se ne parler\u00e0 tra almeno 3-4 anni per avere la sentenza di primo grado. Menomale che noi non ci facciamo condizionare da queste vicende ed andiamo avanti per la nostra strada&#8221;.<div id=\"div-gpt-ad-Messinaoggi.it-DSK-300x250-corpoart\" style=\"text-align:center;margin:0 auto;\"><\/div><\/p>\n<div id=\"videoincontent\" style=\"clear:both\";><\/div>","protected":false},"excerpt":{"rendered":"<p>Il processo sulla variante al Prg di Fiumedinisi resta a Messina. Lo ha sancito la Cassazione, che ha dichiarato inammissibile il ricorso presentato dal principale imputato, l&#8217;allora sindaco\u00a0Cateno De Luca. De Luca aveva chiesto alla Suprema Corte \u00a0di trasferire a Reggio Calabria il processo che lo vede imputato. Ma per i giudici della Suprema Corte [&hellip;]<\/p>\n","protected":false},"author":2,"featured_media":7807,"comment_status":"closed","ping_status":"open","sticky":false,"template":"","format":"standard","meta":{"ub_ctt_via":"","_mi_skip_tracking":false},"categories":[6],"tags":[],"featured_image_src":"https:\/\/www.messinaoggi.it\/website\/wp-content\/uploads\/2017\/09\/cateno-de-luca-2017-RRP_9743-2.jpg","author_info":{"display_name":"Redazione","author_link":"https:\/\/www.messinaoggi.it\/website\/author\/redazione\/"},"digistream_id":0,"digistream":false,"_links":{"self":[{"href":"https:\/\/www.messinaoggi.it\/website\/wp-json\/wp\/v2\/posts\/8573"}],"collection":[{"href":"https:\/\/www.messinaoggi.it\/website\/wp-json\/wp\/v2\/posts"}],"about":[{"href":"https:\/\/www.messinaoggi.it\/website\/wp-json\/wp\/v2\/types\/post"}],"author":[{"embeddable":true,"href":"https:\/\/www.messinaoggi.it\/website\/wp-json\/wp\/v2\/users\/2"}],"replies":[{"embeddable":true,"href":"https:\/\/www.messinaoggi.it\/website\/wp-json\/wp\/v2\/comments?post=8573"}],"version-history":[{"count":0,"href":"https:\/\/www.messinaoggi.it\/website\/wp-json\/wp\/v2\/posts\/8573\/revisions"}],"wp:featuredmedia":[{"embeddable":true,"href":"https:\/\/www.messinaoggi.it\/website\/wp-json\/wp\/v2\/media\/7807"}],"wp:attachment":[{"href":"https:\/\/www.messinaoggi.it\/website\/wp-json\/wp\/v2\/media?parent=8573"}],"wp:term":[{"taxonomy":"category","embeddable":true,"href":"https:\/\/www.messinaoggi.it\/website\/wp-json\/wp\/v2\/categories?post=8573"},{"taxonomy":"post_tag","embeddable":true,"href":"https:\/\/www.messinaoggi.it\/website\/wp-json\/wp\/v2\/tags?post=8573"}],"curies":[{"name":"wp","href":"https:\/\/api.w.org\/{rel}","templated":true}]}}