{"id":85713,"date":"2021-11-02T09:57:40","date_gmt":"2021-11-02T08:57:40","guid":{"rendered":"http:\/\/www.messinaoggi.it\/website\/?p=85713"},"modified":"2021-11-03T08:27:12","modified_gmt":"2021-11-03T07:27:12","slug":"occupati-3-alloggi-popolari-e-messina-pensa-a-una-nuova-scampia","status":"publish","type":"post","link":"https:\/\/www.messinaoggi.it\/website\/2021\/11\/02\/occupati-3-alloggi-popolari-e-messina-pensa-a-una-nuova-scampia\/","title":{"rendered":"Occupati 3 alloggi popolari e Messina pensa a una nuova Scampia"},"content":{"rendered":"\n<p>Tre appartamenti situati nel complesso residenziale di Bisconte, oggi di propriet\u00e0 dell&#8217;Arism\u00e9, sono stati occupati abusivamente. Riprende il &#8220;fenomeno&#8221; delle occupazioni selvagge in citt\u00e0, nonostante il &#8220;nuovo corso&#8221; dell&#8217;Arism\u00e9, l&#8217;agenzia comunale per il risanamento creata ad hoc del sindaco Cateno De Luca.<div id=\"div-gpt-ad-Messinaoggi.it-DSK-300x250-corpoart\" style=\"text-align:center;margin:0 auto;\"><\/div><\/p>\n\n\n\n<p><strong>Marcello Scurria e il prefetto<\/strong><div id=\"videoincontent\" style=\"clear:both\";><\/div><\/p>\n\n\n\n<p>Le occupazioni risalgono alle scorse settimane, ma la notizia \u00e8 trapelata soltanto venerd\u00ec scorso. Il presidente di Arism\u00e9, Marcello Scurria, raggiunto telefonicamente conferma le occupazioni selvagge e annuncia una battaglia senza quartiere nei confronti degli abusivi. &#8220;Abbiamo subito informato le forze dell&#8217;ordine ed ho investito personalmente della questione sua eccellenza il prefetto di Messina. Da parte nostra abbiamo fatto tutto quello che era nelle nostre possibilit\u00e0, ma adesso serve l&#8217;intervento da parte dello Stato&#8221;.<\/p>\n\n\n\n<p><strong>Le promesse da marinaio di De Luca<\/strong><\/p>\n\n\n\n<p>Messina sta avviando una imponente opera di Risanamento, anche se nonostante gli annunci del sindaco Cateno De Luca, e le continue passerelle, l&#8217;operazione prosegue a rilento. L&#8217;abbattimento di alcune &#8220;baracche&#8221; non possono essere considerate Risanamento, anche perch\u00e9 pi\u00f9 a rilento procede la macchina della &#8220;pulizia&#8221; della vergogna messinese, pi\u00f9 aumentano i casi di occupazioni abusive. Il progetto del primo cittadino di donare un alloggio alle migliaia di baraccati, entro dicembre 2018, \u00e8 miseramente fallito. Sebbene, si deve riconoscere che qualcosa \u00e8 stata fatta rispetto al passato. L&#8217;Arism\u00e9, dal canto suo, sta procedendo all&#8217;acquisto di immobili da consegnare agli aventi diritto, ma la burocrazia non si sta rivelando una buona alleata dei propositi di Marcello Scurria. Tutto procede a rilento.<\/p>\n\n\n\n<p><strong>Fondo Fucile, Bisconte e Rione Taormina come Scampia<\/strong><\/p>\n\n\n\n<p>Intanto, c&#8217;\u00e8 chi fa notare che l&#8217;operazione Risanamento potrebbe non essere tale, tenuto conto che i progetti in cantiere prevedono, ad esempio a Fondo Fucile, dopo l&#8217;abbattimento delle baracche, la costruzione di un mega centro residenziale, paragonabile alla &#8220;vergogna&#8221; campa di Scampia. Le politiche comunali, infatti, da quello che si evince dalle progettazioni prevedono una sorta di ghettizzazione delle zone degradate della citt\u00e0, dove sono sorte come i funghi baracche e alloggi di fortuna. Ma lo stesso problema riguarda Bisconte, Rione Taormina e Annunziata. Da un lato si tolgono le baracche, dall&#8217;altro si creano &#8220;<strong>ghetti<\/strong>&#8220;. <\/p>\n\n\n\n<p>Se \u00e8 corretto parlare di Risanamento sotto il profilo strutturale, \u00e8 altrettanto sbagliato sostenere che si tratti di risanare intere zone sotto il profilo socio-culturale. <\/p>\n\n\n\n<p>Intanto, si \u00e8 tornato ad occupare abusivamente gli alloggi popolari. E questa \u00e8 notizia.<\/p>\n","protected":false},"excerpt":{"rendered":"<p>Tre appartamenti situati nel complesso residenziale di Bisconte, oggi di propriet\u00e0 dell&#8217;Arism\u00e9, sono stati occupati abusivamente. Riprende il &#8220;fenomeno&#8221; delle occupazioni selvagge in citt\u00e0, nonostante il &#8220;nuovo corso&#8221; dell&#8217;Arism\u00e9, l&#8217;agenzia comunale per il risanamento creata ad hoc del sindaco Cateno De Luca. Marcello Scurria e il prefetto Le occupazioni risalgono alle scorse settimane, ma la [&hellip;]<\/p>\n","protected":false},"author":2,"featured_media":28665,"comment_status":"open","ping_status":"open","sticky":false,"template":"","format":"standard","meta":{"ub_ctt_via":"","_mi_skip_tracking":false},"categories":[19,6,1],"tags":[3373,1445,704,1197,3375],"featured_image_src":"https:\/\/www.messinaoggi.it\/website\/wp-content\/uploads\/2019\/01\/IMG-20190121-WA0005.jpg","author_info":{"display_name":"Redazione","author_link":"https:\/\/www.messinaoggi.it\/website\/author\/redazione\/"},"digistream_id":0,"digistream":false,"_links":{"self":[{"href":"https:\/\/www.messinaoggi.it\/website\/wp-json\/wp\/v2\/posts\/85713"}],"collection":[{"href":"https:\/\/www.messinaoggi.it\/website\/wp-json\/wp\/v2\/posts"}],"about":[{"href":"https:\/\/www.messinaoggi.it\/website\/wp-json\/wp\/v2\/types\/post"}],"author":[{"embeddable":true,"href":"https:\/\/www.messinaoggi.it\/website\/wp-json\/wp\/v2\/users\/2"}],"replies":[{"embeddable":true,"href":"https:\/\/www.messinaoggi.it\/website\/wp-json\/wp\/v2\/comments?post=85713"}],"version-history":[{"count":1,"href":"https:\/\/www.messinaoggi.it\/website\/wp-json\/wp\/v2\/posts\/85713\/revisions"}],"predecessor-version":[{"id":85715,"href":"https:\/\/www.messinaoggi.it\/website\/wp-json\/wp\/v2\/posts\/85713\/revisions\/85715"}],"wp:featuredmedia":[{"embeddable":true,"href":"https:\/\/www.messinaoggi.it\/website\/wp-json\/wp\/v2\/media\/28665"}],"wp:attachment":[{"href":"https:\/\/www.messinaoggi.it\/website\/wp-json\/wp\/v2\/media?parent=85713"}],"wp:term":[{"taxonomy":"category","embeddable":true,"href":"https:\/\/www.messinaoggi.it\/website\/wp-json\/wp\/v2\/categories?post=85713"},{"taxonomy":"post_tag","embeddable":true,"href":"https:\/\/www.messinaoggi.it\/website\/wp-json\/wp\/v2\/tags?post=85713"}],"curies":[{"name":"wp","href":"https:\/\/api.w.org\/{rel}","templated":true}]}}